{"id":1448,"date":"2017-05-26T18:57:11","date_gmt":"2017-05-26T16:57:11","guid":{"rendered":"http:\/\/blog.ubup.com\/?p=1448"},"modified":"2021-11-02T10:22:52","modified_gmt":"2021-11-02T09:22:52","slug":"guertel","status":"publish","type":"post","link":"https:\/\/blog.momoxfashion.com\/de\/guertel\/","title":{"rendered":"Ich geh mit dir, wohin du willst: Der G\u00fcrtel &#038; wir. Eine Erfolgsgeschichte"},"content":{"rendered":"<p>Er h\u00e4lt zusammen, was zusammengeh\u00f6rt und zieht nach oben, was dort auch lieber bleiben sollte: <a href=\"https:\/\/www.momoxfashion.com\/de\/damen\/accessoires\/guertel\" target=\"_blank\" rel=\"noopener noreferrer\">der G\u00fcrtel<\/a>. Ein untersch\u00e4tztes Accessoire, das eigentlich jeder in mindestens doppelter Ausf\u00fchrung im Schrank hat und doch niemand so richtig beachtet.<\/p>\n<p>Oder kennst du seine Erfolgsgeschichte von Altertum bis heute? Ich schon. Seit gestern.<\/p>\n<h1>Die ersten G\u00fcrtel der Welt<\/h1>\n<p>Fangen wir mit dem Wichtigsten an. Was hei\u00dft \u201eG\u00fcrtel\u201c \u00fcberhaupt?<\/p>\n<p>Also, vermutlich stammt der Begriff vom indogermanischen \u011dher ab und meint \u201eumz\u00e4unen\u201c oder \u201eeinfassen\u201c\u2026 Okay, wir tragen also eine Art Zaun um den Bauch. Das hat man wahrscheinlich eher nicht vermutet. Der Verwendungszweck war \u00fcbrigens damals wie heute Schmuck und Halt, allerdings wurde der G\u00fcrtel fr\u00fcher auch zum Anh\u00e4ngen von Gegenst\u00e4nden genutzt (z.B. Taschen mit einer \u00e4hnlichen Funktion wie unsere heutige Geldb\u00f6rse oder die verp\u00f6nten Bauchtaschen).<\/p>\n<p>Den Wunsch, die Taille zu betonen und zu verzieren, gab es demnach auch schon im Altertum. Teilweise sollten G\u00fcrtel aber auch die Last abnehmen, die schwere Gew\u00e4nder sonst allein auf den Schultern des Tr\u00e4gers verteilten. Manche (Natur)V\u00f6lker trugen ihn auch als kultischen Gr\u00fcnden: Zur Abwehr von Unheil, als Symbol von St\u00e4rke oder als optisches Mittel der sozialen Abgrenzung.<\/p>\n<p>Fr\u00fche Modelle aus der Zeit der Assyrer und Babylonier (2150 v. Chr.) bestanden meist aus Stoff- oder Fellstreifen, manchmal auch aus bemalten Lederriemen, die auch mit Goldplatten verziert sein konnten. \u00c4gypter trugen teilweise G\u00fcrtel mit Edelsteinbesatz oder Perlenb\u00e4ndern. Damals schon wurden die Schnallen kunstvoll verziert und beispielsweise zu Figuren geformt.<\/p>\n<p>Die R\u00f6mer nutzten den G\u00fcrtel \u00fcbrigens als Mittel zur sozialen Abgrenzung: Zenturionen trugen ihn h\u00f6her als andere, Frauen tiefer als M\u00e4nner. Unfreie, Gaukler und Dirnen durften dagegen gar keine G\u00fcrtel tragen. Frechheit.<\/p>\n<h2>Der bunte G\u00fcrtel im dunklen Mittelalter<\/h2>\n<p>Im Mittelalter bekam der G\u00fcrtel eine Reihe von Bedeutungen: Er wurde zum Symbol von St\u00e4rke, Herrschaft, Treue in der Ehe und Keuschheit. (Der ber\u00fchmte Keuschheitsg\u00fcrtel wurde daher auch nicht von Prostituierten getragen.) Manche sagten ihm auch magische Kr\u00e4fte nach. Zu dieser Zeit setzte man vor allem auf bunt bestickte Bandg\u00fcrtel, die teilweise so lang waren, dass man sie doppelt umwickelte.<\/p>\n<h3>Die schmucke Version der Neuzeit<\/h3>\n<p>Sp\u00e4ter stand der schm\u00fcckende Aspekt im Vordergrund: Zur Zeit der spanischen Modeherrschaft (ab 1550 bis 1650) sahen G\u00fcrtel aus wie Ketten, die passend zum restlichen Schmuck getragen wurden. Anschlie\u00dfend verlor er seine Berechtigung und wurde zeitweilig durch eine Sch\u00e4rpe ersetzt, ab 1835 trug die moderne Frau schlie\u00dflich gar keinen G\u00fcrtel und keine Sch\u00e4rpe mehr, sondern band sich eine Schleife um die Taille ihres Kleides.<\/p>\n<p><img loading=\"lazy\" decoding=\"async\" class=\"alignleft wp-image-1453 size-large\" title=\"G\u00fcrtel von momox fashion\" src=\"https:\/\/blog.momoxfashion.com\/de\/wp-content\/uploads\/2017\/05\/Gr\u00fcner-G\u00fcrtel-400x266.jpg\" alt=\"Gr\u00fcner G\u00fcrtel\" width=\"400\" height=\"266\" srcset=\"https:\/\/blog.momoxfashion.com\/de\/wp-content\/uploads\/2017\/05\/Gr\u00fcner-G\u00fcrtel-400x266.jpg 400w, https:\/\/blog.momoxfashion.com\/de\/wp-content\/uploads\/2017\/05\/Gr\u00fcner-G\u00fcrtel-150x100.jpg 150w, https:\/\/blog.momoxfashion.com\/de\/wp-content\/uploads\/2017\/05\/Gr\u00fcner-G\u00fcrtel-500x333.jpg 500w, https:\/\/blog.momoxfashion.com\/de\/wp-content\/uploads\/2017\/05\/Gr\u00fcner-G\u00fcrtel-800x533.jpg 800w, https:\/\/blog.momoxfashion.com\/de\/wp-content\/uploads\/2017\/05\/Gr\u00fcner-G\u00fcrtel.jpg 1000w\" sizes=\"auto, (max-width: 400px) 100vw, 400px\" \/><\/p>\n<p>Ab 1890 feierte er jedoch sein Comeback und wurde vor allem bei M\u00e4nnern zum unverzichtbaren Begleiter. Durch den Wegfall der Weste waren n\u00e4mlich die wenig charmanten Hosentr\u00e4ger sichtbar, die Mann alsbald durch den G\u00fcrtel ersetzte.<\/p>\n<p>Und auch die Frauen griffen wieder zum modischen Bauchzaun, da sich aus dem Kleid ein Zweiteiler aus Bluse und Rock entwickelt hatte. Die taillenlose Mode der 1920er verbannte den Fraueng\u00fcrtel zwar zeitweilig wieder, doch schon 10 Jahre sp\u00e4ter feierte er seine R\u00fcckkehr und ist seitdem in jedem Kleiderschrank zu finden.<\/p>\n<p>Ich f\u00fcr meinen Teil kann auf 15 verschiedene Modelle zur\u00fcckgreifen und nachdem ich jetzt wei\u00df, was der G\u00fcrtel in seinem langen Leben schon alles mitgemacht hat, trage ich ihn gern mehrmals t\u00e4glich aus. Das hat er sich verdient.<\/p>\n<p><span style=\"border-radius: 2px; text-indent: 20px; width: auto; padding: 0px 4px 0px 0px; text-align: center; font: bold 11px\/20px 'Helvetica Neue',Helvetica,sans-serif; color: #ffffff; background: #bd081c no-repeat scroll 3px 50% \/ 14px 14px; position: absolute; opacity: 1; z-index: 8675309; display: none; cursor: pointer;\">Merken<\/span><\/p>\n<p><span style=\"border-radius: 2px; text-indent: 20px; width: auto; padding: 0px 4px 0px 0px; text-align: center; font: bold 11px\/20px 'Helvetica Neue',Helvetica,sans-serif; color: #ffffff; background: #bd081c no-repeat scroll 3px 50% \/ 14px 14px; position: absolute; opacity: 1; z-index: 8675309; display: none; cursor: pointer;\">Merken<\/span><\/p>\n","protected":false},"excerpt":{"rendered":"<p>Er h\u00e4lt zusammen, was zusammengeh\u00f6rt und zieht nach oben, was dort auch lieber bleiben sollte: der G\u00fcrtel. Ein untersch\u00e4tztes Accessoire, das eigentlich jeder in mindestens doppelter Ausf\u00fchrung im Schrank hat und doch niemand so richtig beachtet. Oder kennst du seine Erfolgsgeschichte von Altertum bis heute? Ich schon. Seit gestern. Die ersten G\u00fcrtel der Welt Fangen [&hellip;]<\/p>\n","protected":false},"author":2,"featured_media":1812,"comment_status":"open","ping_status":"open","sticky":false,"template":"","format":"standard","meta":{"_acf_changed":false,"footnotes":""},"categories":[12],"tags":[68,57],"class_list":["post-1448","post","type-post","status-publish","format-standard","has-post-thumbnail","hentry","category-mode_trends","tag-accessoires","tag-lexikon"],"acf":[],"yoast_head":"<!-- This site is optimized with the Yoast SEO plugin v27.3 - https:\/\/yoast.com\/product\/yoast-seo-wordpress\/ -->\n<title>Ich geh mit dir, wohin du willst: Der G\u00fcrtel &amp; wir. Eine Erfolgsgeschichte.<\/title>\n<meta name=\"description\" content=\"Er h\u00e4lt zusammen, was zusammengeh\u00f6rt &amp; zieht nach oben, was dort auch lieber bleiben sollte: der G\u00fcrtel. Seine Erfolgsgeschichte im momox fashion Fashion Blog.\" \/>\n<meta name=\"robots\" content=\"index, follow, max-snippet:-1, max-image-preview:large, max-video-preview:-1\" \/>\n<link rel=\"canonical\" href=\"https:\/\/blog.momoxfashion.com\/de\/guertel\/\" \/>\n<meta property=\"og:locale\" content=\"de_DE\" \/>\n<meta property=\"og:type\" content=\"article\" \/>\n<meta property=\"og:title\" content=\"Ich geh mit dir, wohin du willst: Der G\u00fcrtel &amp; wir. Eine Erfolgsgeschichte.\" \/>\n<meta property=\"og:description\" content=\"Er h\u00e4lt zusammen, was zusammengeh\u00f6rt &amp; zieht nach oben, was dort auch lieber bleiben sollte: der G\u00fcrtel. Seine Erfolgsgeschichte im momox fashion Fashion Blog.\" \/>\n<meta property=\"og:url\" content=\"https:\/\/blog.momoxfashion.com\/de\/guertel\/\" \/>\n<meta property=\"og:site_name\" content=\"momox fashion Blog\" \/>\n<meta property=\"article:publisher\" content=\"https:\/\/www.facebook.com\/usedbutprecious\/\" \/>\n<meta property=\"article:published_time\" content=\"2017-05-26T16:57:11+00:00\" \/>\n<meta property=\"article:modified_time\" content=\"2021-11-02T09:22:52+00:00\" \/>\n<meta property=\"og:image\" content=\"https:\/\/blog.momoxfashion.com\/de\/wp-content\/uploads\/2017\/05\/Gr\u00fcner-G\u00fcrtel.jpg\" \/>\n\t<meta property=\"og:image:width\" content=\"1000\" \/>\n\t<meta property=\"og:image:height\" content=\"666\" \/>\n\t<meta property=\"og:image:type\" content=\"image\/jpeg\" \/>\n<meta name=\"author\" content=\"Juliane\" \/>\n<meta name=\"twitter:card\" content=\"summary_large_image\" \/>\n<meta name=\"twitter:image\" content=\"https:\/\/blog.momoxfashion.com\/de\/wp-content\/uploads\/2017\/05\/Gr\u00fcner-G\u00fcrtel.jpg\" \/>\n<meta name=\"twitter:creator\" content=\"@ubup_team\" \/>\n<meta name=\"twitter:site\" content=\"@ubup_team\" \/>\n<meta name=\"twitter:label1\" content=\"Verfasst von\" \/>\n\t<meta name=\"twitter:data1\" content=\"Juliane\" \/>\n\t<meta name=\"twitter:label2\" content=\"Gesch\u00e4tzte Lesezeit\" \/>\n\t<meta name=\"twitter:data2\" content=\"3\u00a0Minuten\" \/>\n<script type=\"application\/ld+json\" class=\"yoast-schema-graph\">{\"@context\":\"https:\\\/\\\/schema.org\",\"@graph\":[{\"@type\":\"Article\",\"@id\":\"https:\\\/\\\/blog.momoxfashion.com\\\/de\\\/guertel\\\/#article\",\"isPartOf\":{\"@id\":\"https:\\\/\\\/blog.momoxfashion.com\\\/de\\\/guertel\\\/\"},\"author\":{\"name\":\"Juliane\",\"@id\":\"https:\\\/\\\/blog.momoxfashion.com\\\/de\\\/#\\\/schema\\\/person\\\/a1e091d79d4cab3dc809c06405da6f0a\"},\"headline\":\"Ich geh mit dir, wohin du willst: Der G\u00fcrtel &#038; wir. Eine Erfolgsgeschichte\",\"datePublished\":\"2017-05-26T16:57:11+00:00\",\"dateModified\":\"2021-11-02T09:22:52+00:00\",\"mainEntityOfPage\":{\"@id\":\"https:\\\/\\\/blog.momoxfashion.com\\\/de\\\/guertel\\\/\"},\"wordCount\":593,\"commentCount\":1,\"image\":{\"@id\":\"https:\\\/\\\/blog.momoxfashion.com\\\/de\\\/guertel\\\/#primaryimage\"},\"thumbnailUrl\":\"https:\\\/\\\/blog.momoxfashion.com\\\/de\\\/wp-content\\\/uploads\\\/2017\\\/05\\\/gu\u0308rtel.jpg\",\"keywords\":[\"Accessoires\",\"Lexikon\"],\"articleSection\":[\"Mode &amp; Trends\"],\"inLanguage\":\"de\",\"potentialAction\":[{\"@type\":\"CommentAction\",\"name\":\"Comment\",\"target\":[\"https:\\\/\\\/blog.momoxfashion.com\\\/de\\\/guertel\\\/#respond\"]}]},{\"@type\":\"WebPage\",\"@id\":\"https:\\\/\\\/blog.momoxfashion.com\\\/de\\\/guertel\\\/\",\"url\":\"https:\\\/\\\/blog.momoxfashion.com\\\/de\\\/guertel\\\/\",\"name\":\"Ich geh mit dir, wohin du willst: Der G\u00fcrtel & wir. Eine Erfolgsgeschichte.\",\"isPartOf\":{\"@id\":\"https:\\\/\\\/blog.momoxfashion.com\\\/de\\\/#website\"},\"primaryImageOfPage\":{\"@id\":\"https:\\\/\\\/blog.momoxfashion.com\\\/de\\\/guertel\\\/#primaryimage\"},\"image\":{\"@id\":\"https:\\\/\\\/blog.momoxfashion.com\\\/de\\\/guertel\\\/#primaryimage\"},\"thumbnailUrl\":\"https:\\\/\\\/blog.momoxfashion.com\\\/de\\\/wp-content\\\/uploads\\\/2017\\\/05\\\/gu\u0308rtel.jpg\",\"datePublished\":\"2017-05-26T16:57:11+00:00\",\"dateModified\":\"2021-11-02T09:22:52+00:00\",\"author\":{\"@id\":\"https:\\\/\\\/blog.momoxfashion.com\\\/de\\\/#\\\/schema\\\/person\\\/a1e091d79d4cab3dc809c06405da6f0a\"},\"description\":\"Er h\u00e4lt zusammen, was zusammengeh\u00f6rt & zieht nach oben, was dort auch lieber bleiben sollte: der G\u00fcrtel. Seine Erfolgsgeschichte im momox fashion Fashion Blog.\",\"breadcrumb\":{\"@id\":\"https:\\\/\\\/blog.momoxfashion.com\\\/de\\\/guertel\\\/#breadcrumb\"},\"inLanguage\":\"de\",\"potentialAction\":[{\"@type\":\"ReadAction\",\"target\":[\"https:\\\/\\\/blog.momoxfashion.com\\\/de\\\/guertel\\\/\"]}]},{\"@type\":\"ImageObject\",\"inLanguage\":\"de\",\"@id\":\"https:\\\/\\\/blog.momoxfashion.com\\\/de\\\/guertel\\\/#primaryimage\",\"url\":\"https:\\\/\\\/blog.momoxfashion.com\\\/de\\\/wp-content\\\/uploads\\\/2017\\\/05\\\/gu\u0308rtel.jpg\",\"contentUrl\":\"https:\\\/\\\/blog.momoxfashion.com\\\/de\\\/wp-content\\\/uploads\\\/2017\\\/05\\\/gu\u0308rtel.jpg\",\"width\":1150,\"height\":863,\"caption\":\"G\u00fcrtel\"},{\"@type\":\"BreadcrumbList\",\"@id\":\"https:\\\/\\\/blog.momoxfashion.com\\\/de\\\/guertel\\\/#breadcrumb\",\"itemListElement\":[{\"@type\":\"ListItem\",\"position\":1,\"name\":\"Startseite\",\"item\":\"https:\\\/\\\/blog.momoxfashion.com\\\/de\\\/\"},{\"@type\":\"ListItem\",\"position\":2,\"name\":\"Ich geh mit dir, wohin du willst: Der G\u00fcrtel &#038; wir. Eine Erfolgsgeschichte\"}]},{\"@type\":\"WebSite\",\"@id\":\"https:\\\/\\\/blog.momoxfashion.com\\\/de\\\/#website\",\"url\":\"https:\\\/\\\/blog.momoxfashion.com\\\/de\\\/\",\"name\":\"momox fashion Blog\",\"description\":\"Fashion News, Second Hand Trends &amp; Nachhaltigkeit\",\"potentialAction\":[{\"@type\":\"SearchAction\",\"target\":{\"@type\":\"EntryPoint\",\"urlTemplate\":\"https:\\\/\\\/blog.momoxfashion.com\\\/de\\\/?s={search_term_string}\"},\"query-input\":{\"@type\":\"PropertyValueSpecification\",\"valueRequired\":true,\"valueName\":\"search_term_string\"}}],\"inLanguage\":\"de\"},{\"@type\":\"Person\",\"@id\":\"https:\\\/\\\/blog.momoxfashion.com\\\/de\\\/#\\\/schema\\\/person\\\/a1e091d79d4cab3dc809c06405da6f0a\",\"name\":\"Juliane\",\"image\":{\"@type\":\"ImageObject\",\"inLanguage\":\"de\",\"@id\":\"https:\\\/\\\/secure.gravatar.com\\\/avatar\\\/6736b4cbf8990920a6788cece3633ff810e55e7387afdd8a40de7fb3a73c0c6e?s=96&d=wp_user_avatar&r=g\",\"url\":\"https:\\\/\\\/secure.gravatar.com\\\/avatar\\\/6736b4cbf8990920a6788cece3633ff810e55e7387afdd8a40de7fb3a73c0c6e?s=96&d=wp_user_avatar&r=g\",\"contentUrl\":\"https:\\\/\\\/secure.gravatar.com\\\/avatar\\\/6736b4cbf8990920a6788cece3633ff810e55e7387afdd8a40de7fb3a73c0c6e?s=96&d=wp_user_avatar&r=g\",\"caption\":\"Juliane\"},\"description\":\"Mein Name ist Juliane, ich bin seit Januar 2016 Teil von momox fashion und texte f\u00fcr diesen Blog. Hier informiere ich dich \u00fcber aktuelle Fashion-Trends, versorge dich mit Fashion-Tipps f\u00fcr verschiedene Anl\u00e4sse und recherchiere exklusiv f\u00fcr dich Wissenswertes \u00fcber Mode.\",\"sameAs\":[\"https:\\\/\\\/www.momoxfashion.com\\\/de\\\/\"],\"url\":\"https:\\\/\\\/blog.momoxfashion.com\\\/de\\\/author\\\/ubup-team\\\/\"}]}<\/script>\n<!-- \/ Yoast SEO plugin. -->","yoast_head_json":{"title":"Ich geh mit dir, wohin du willst: Der G\u00fcrtel & wir. Eine Erfolgsgeschichte.","description":"Er h\u00e4lt zusammen, was zusammengeh\u00f6rt & zieht nach oben, was dort auch lieber bleiben sollte: der G\u00fcrtel. Seine Erfolgsgeschichte im momox fashion Fashion Blog.","robots":{"index":"index","follow":"follow","max-snippet":"max-snippet:-1","max-image-preview":"max-image-preview:large","max-video-preview":"max-video-preview:-1"},"canonical":"https:\/\/blog.momoxfashion.com\/de\/guertel\/","og_locale":"de_DE","og_type":"article","og_title":"Ich geh mit dir, wohin du willst: Der G\u00fcrtel & wir. Eine Erfolgsgeschichte.","og_description":"Er h\u00e4lt zusammen, was zusammengeh\u00f6rt & zieht nach oben, was dort auch lieber bleiben sollte: der G\u00fcrtel. Seine Erfolgsgeschichte im momox fashion Fashion Blog.","og_url":"https:\/\/blog.momoxfashion.com\/de\/guertel\/","og_site_name":"momox fashion Blog","article_publisher":"https:\/\/www.facebook.com\/usedbutprecious\/","article_published_time":"2017-05-26T16:57:11+00:00","article_modified_time":"2021-11-02T09:22:52+00:00","og_image":[{"width":1000,"height":666,"url":"https:\/\/blog.momoxfashion.com\/de\/wp-content\/uploads\/2017\/05\/Gr\u00fcner-G\u00fcrtel.jpg","type":"image\/jpeg"}],"author":"Juliane","twitter_card":"summary_large_image","twitter_image":"https:\/\/blog.momoxfashion.com\/de\/wp-content\/uploads\/2017\/05\/Gr\u00fcner-G\u00fcrtel.jpg","twitter_creator":"@ubup_team","twitter_site":"@ubup_team","twitter_misc":{"Verfasst von":"Juliane","Gesch\u00e4tzte Lesezeit":"3\u00a0Minuten"},"schema":{"@context":"https:\/\/schema.org","@graph":[{"@type":"Article","@id":"https:\/\/blog.momoxfashion.com\/de\/guertel\/#article","isPartOf":{"@id":"https:\/\/blog.momoxfashion.com\/de\/guertel\/"},"author":{"name":"Juliane","@id":"https:\/\/blog.momoxfashion.com\/de\/#\/schema\/person\/a1e091d79d4cab3dc809c06405da6f0a"},"headline":"Ich geh mit dir, wohin du willst: Der G\u00fcrtel &#038; wir. Eine Erfolgsgeschichte","datePublished":"2017-05-26T16:57:11+00:00","dateModified":"2021-11-02T09:22:52+00:00","mainEntityOfPage":{"@id":"https:\/\/blog.momoxfashion.com\/de\/guertel\/"},"wordCount":593,"commentCount":1,"image":{"@id":"https:\/\/blog.momoxfashion.com\/de\/guertel\/#primaryimage"},"thumbnailUrl":"https:\/\/blog.momoxfashion.com\/de\/wp-content\/uploads\/2017\/05\/gu\u0308rtel.jpg","keywords":["Accessoires","Lexikon"],"articleSection":["Mode &amp; Trends"],"inLanguage":"de","potentialAction":[{"@type":"CommentAction","name":"Comment","target":["https:\/\/blog.momoxfashion.com\/de\/guertel\/#respond"]}]},{"@type":"WebPage","@id":"https:\/\/blog.momoxfashion.com\/de\/guertel\/","url":"https:\/\/blog.momoxfashion.com\/de\/guertel\/","name":"Ich geh mit dir, wohin du willst: Der G\u00fcrtel & wir. Eine Erfolgsgeschichte.","isPartOf":{"@id":"https:\/\/blog.momoxfashion.com\/de\/#website"},"primaryImageOfPage":{"@id":"https:\/\/blog.momoxfashion.com\/de\/guertel\/#primaryimage"},"image":{"@id":"https:\/\/blog.momoxfashion.com\/de\/guertel\/#primaryimage"},"thumbnailUrl":"https:\/\/blog.momoxfashion.com\/de\/wp-content\/uploads\/2017\/05\/gu\u0308rtel.jpg","datePublished":"2017-05-26T16:57:11+00:00","dateModified":"2021-11-02T09:22:52+00:00","author":{"@id":"https:\/\/blog.momoxfashion.com\/de\/#\/schema\/person\/a1e091d79d4cab3dc809c06405da6f0a"},"description":"Er h\u00e4lt zusammen, was zusammengeh\u00f6rt & zieht nach oben, was dort auch lieber bleiben sollte: der G\u00fcrtel. Seine Erfolgsgeschichte im momox fashion Fashion Blog.","breadcrumb":{"@id":"https:\/\/blog.momoxfashion.com\/de\/guertel\/#breadcrumb"},"inLanguage":"de","potentialAction":[{"@type":"ReadAction","target":["https:\/\/blog.momoxfashion.com\/de\/guertel\/"]}]},{"@type":"ImageObject","inLanguage":"de","@id":"https:\/\/blog.momoxfashion.com\/de\/guertel\/#primaryimage","url":"https:\/\/blog.momoxfashion.com\/de\/wp-content\/uploads\/2017\/05\/gu\u0308rtel.jpg","contentUrl":"https:\/\/blog.momoxfashion.com\/de\/wp-content\/uploads\/2017\/05\/gu\u0308rtel.jpg","width":1150,"height":863,"caption":"G\u00fcrtel"},{"@type":"BreadcrumbList","@id":"https:\/\/blog.momoxfashion.com\/de\/guertel\/#breadcrumb","itemListElement":[{"@type":"ListItem","position":1,"name":"Startseite","item":"https:\/\/blog.momoxfashion.com\/de\/"},{"@type":"ListItem","position":2,"name":"Ich geh mit dir, wohin du willst: Der G\u00fcrtel &#038; wir. Eine Erfolgsgeschichte"}]},{"@type":"WebSite","@id":"https:\/\/blog.momoxfashion.com\/de\/#website","url":"https:\/\/blog.momoxfashion.com\/de\/","name":"momox fashion Blog","description":"Fashion News, Second Hand Trends &amp; Nachhaltigkeit","potentialAction":[{"@type":"SearchAction","target":{"@type":"EntryPoint","urlTemplate":"https:\/\/blog.momoxfashion.com\/de\/?s={search_term_string}"},"query-input":{"@type":"PropertyValueSpecification","valueRequired":true,"valueName":"search_term_string"}}],"inLanguage":"de"},{"@type":"Person","@id":"https:\/\/blog.momoxfashion.com\/de\/#\/schema\/person\/a1e091d79d4cab3dc809c06405da6f0a","name":"Juliane","image":{"@type":"ImageObject","inLanguage":"de","@id":"https:\/\/secure.gravatar.com\/avatar\/6736b4cbf8990920a6788cece3633ff810e55e7387afdd8a40de7fb3a73c0c6e?s=96&d=wp_user_avatar&r=g","url":"https:\/\/secure.gravatar.com\/avatar\/6736b4cbf8990920a6788cece3633ff810e55e7387afdd8a40de7fb3a73c0c6e?s=96&d=wp_user_avatar&r=g","contentUrl":"https:\/\/secure.gravatar.com\/avatar\/6736b4cbf8990920a6788cece3633ff810e55e7387afdd8a40de7fb3a73c0c6e?s=96&d=wp_user_avatar&r=g","caption":"Juliane"},"description":"Mein Name ist Juliane, ich bin seit Januar 2016 Teil von momox fashion und texte f\u00fcr diesen Blog. Hier informiere ich dich \u00fcber aktuelle Fashion-Trends, versorge dich mit Fashion-Tipps f\u00fcr verschiedene Anl\u00e4sse und recherchiere exklusiv f\u00fcr dich Wissenswertes \u00fcber Mode.","sameAs":["https:\/\/www.momoxfashion.com\/de\/"],"url":"https:\/\/blog.momoxfashion.com\/de\/author\/ubup-team\/"}]}},"_links":{"self":[{"href":"https:\/\/blog.momoxfashion.com\/de\/wp-json\/wp\/v2\/posts\/1448","targetHints":{"allow":["GET"]}}],"collection":[{"href":"https:\/\/blog.momoxfashion.com\/de\/wp-json\/wp\/v2\/posts"}],"about":[{"href":"https:\/\/blog.momoxfashion.com\/de\/wp-json\/wp\/v2\/types\/post"}],"author":[{"embeddable":true,"href":"https:\/\/blog.momoxfashion.com\/de\/wp-json\/wp\/v2\/users\/2"}],"replies":[{"embeddable":true,"href":"https:\/\/blog.momoxfashion.com\/de\/wp-json\/wp\/v2\/comments?post=1448"}],"version-history":[{"count":13,"href":"https:\/\/blog.momoxfashion.com\/de\/wp-json\/wp\/v2\/posts\/1448\/revisions"}],"predecessor-version":[{"id":6349,"href":"https:\/\/blog.momoxfashion.com\/de\/wp-json\/wp\/v2\/posts\/1448\/revisions\/6349"}],"wp:featuredmedia":[{"embeddable":true,"href":"https:\/\/blog.momoxfashion.com\/de\/wp-json\/wp\/v2\/media\/1812"}],"wp:attachment":[{"href":"https:\/\/blog.momoxfashion.com\/de\/wp-json\/wp\/v2\/media?parent=1448"}],"wp:term":[{"taxonomy":"category","embeddable":true,"href":"https:\/\/blog.momoxfashion.com\/de\/wp-json\/wp\/v2\/categories?post=1448"},{"taxonomy":"post_tag","embeddable":true,"href":"https:\/\/blog.momoxfashion.com\/de\/wp-json\/wp\/v2\/tags?post=1448"}],"curies":[{"name":"wp","href":"https:\/\/api.w.org\/{rel}","templated":true}]}}