{"id":2166,"date":"2017-09-21T15:23:44","date_gmt":"2017-09-21T13:23:44","guid":{"rendered":"http:\/\/blog.ubup.com\/?p=2166"},"modified":"2021-10-27T21:26:42","modified_gmt":"2021-10-27T19:26:42","slug":"oktoberfest-outfit","status":"publish","type":"post","link":"https:\/\/blog.momoxfashion.com\/de\/oktoberfest-outfit\/","title":{"rendered":"Operation Wiesn: eine Berlinerin sucht das passende Oktoberfest-Outfit"},"content":{"rendered":"<p>Am letzten Wochenende wurde in M\u00fcnchen wieder das gr\u00f6\u00dfte Volksfest der Welt er\u00f6ffnet. Wir Berliner haben mit Karneval, Oktoberfest und Co. ja eher wenig am Hut. Da wir aber die weltoffenste Stadt \u00fcberhaupt sind, veranstaltet Berlin seit vielen Jahren ebenfalls diverse Oktoberfeste. Ich habe mir f\u00fcr dich ein paar Second Hand Alternativen zum klassischen Dirndl \u00fcberlegt, Tipps f\u00fcr das richtige Oktoberfest-Outfit zusammengestellt und ein wenig zur Geschichte der Wiesn recherchiert.<\/p>\n<h1>Seit wann gibt es das Oktoberfest?<\/h1>\n<p>Das M\u00fcnchner Oktoberfest findet nun bereits seit 207 Jahren statt. Naja, ein paar Unterbrechungen gab es schon &#8211; In diesem Jahr feiert M\u00fcnchen sein 184. Oktoberfest. Angefangen hat alles mit den Feierlichkeiten zur Hochzeit des Kronprinzen Ludwig I. von Bayern mit Therese von Sachsen-Hildburghausen. Aus einem dieser Feste im Oktober des Jahres 1810 entstand das sp\u00e4tere Oktoberfest. Schon damals fand es \u00fcbrigens auf der nach der Prinzessin benannten Theresienwiese statt. Zu dem Volksfest wie wir es heute kennen wurde es aber erst am Ende des 19. Jahrhunderts. Zu dieser Zeit entschied man sich auch, das Oktoberfest wegen besserer Wetterbedingungen etwas vorzuverlegen. Aus diesem Grund hei\u00dft das Fest zwar noch immer Oktoberfest, findet jedoch Ende September statt. Heute lockt es j\u00e4hrlich Millionen Besucher an und generiert ca. 1 Milliarde Umsatz im Jahr (ja, das ist eine eins mit neun Nullen).<\/p>\n<h2>Meine Tipps f\u00fcr das richtige Oktoberfest-Outfit<\/h2>\n<p>Einen richtigen Dresscode gibt es bei dem Besuch eines Oktoberfestes nicht, egal ob in M\u00fcnchen, Berlin oder anderswo. In Berlin kann ja sowieso jeder so, wie er will. Du kannst also ruhig das anziehen, worin du dich wohl f\u00fchlst. Viele Besucher m\u00f6chten sich aber trotzdem dem Anlass entsprechend kleiden. Neben einem klassischen Dirndl gibt es da noch viele andere M\u00f6glichkeiten.<\/p>\n<h4>Alternativen zum Dirndl<img loading=\"lazy\" decoding=\"async\" class=\"alignright wp-image-2181\" src=\"https:\/\/blog.momoxfashion.com\/de\/wp-content\/uploads\/2017\/09\/oktoberfest-ro\u0308cke.png\" alt=\"Oktoberfest-Outfit R\u00f6cke\" width=\"326\" height=\"233\" srcset=\"https:\/\/blog.momoxfashion.com\/de\/wp-content\/uploads\/2017\/09\/oktoberfest-ro\u0308cke.png 1088w, https:\/\/blog.momoxfashion.com\/de\/wp-content\/uploads\/2017\/09\/oktoberfest-ro\u0308cke-150x107.png 150w, https:\/\/blog.momoxfashion.com\/de\/wp-content\/uploads\/2017\/09\/oktoberfest-ro\u0308cke-500x357.png 500w, https:\/\/blog.momoxfashion.com\/de\/wp-content\/uploads\/2017\/09\/oktoberfest-ro\u0308cke-400x286.png 400w, https:\/\/blog.momoxfashion.com\/de\/wp-content\/uploads\/2017\/09\/oktoberfest-ro\u0308cke-800x571.png 800w\" sizes=\"auto, (max-width: 326px) 100vw, 326px\" \/><\/h4>\n<p>Eine karierte <a href=\"https:\/\/www.momoxfashion.com\/de\/damen\/bekleidung\/blusen\">Bluse<\/a> ist eine gute Grundlage f\u00fcr ein wiesntaugliches Outfit. Durch sie bekommt es direkt eine bayrische Note. Besonders passend sind Modelle in rot, blau oder gr\u00fcn. Achte aber darauf, dass das Karomuster eher einfach gehalten ist, also rot-wei\u00df, gr\u00fcn-wei\u00df usw. Zu der Bluse kannst du dann auch ganz l\u00e4ssig eine <a href=\"https:\/\/www.momoxfashion.com\/de\/damen\/bekleidung\/hosen\/jeans\">Jeans<\/a> oder eine <a href=\"https:\/\/www.momoxfashion.com\/de\/damen\/bekleidung\/hosen\/shorts\">kurze Leder- oder Stoffhose<\/a> kombinieren. Ein einfarbiger <a href=\"https:\/\/www.momoxfashion.com\/de\/damen\/bekleidung\/roecke\">Rock<\/a>, z. B. ein Tellerrock sieht auch h\u00fcbsch dazu aus. Achte aber darauf, dass der Rock nicht zu kurz ist. Er sollte mindestens kurz \u00fcber dem Knie enden.<\/p>\n<figure id=\"attachment_2183\" aria-describedby=\"caption-attachment-2183\" style=\"width: 226px\" class=\"wp-caption alignleft\"><img loading=\"lazy\" decoding=\"async\" class=\"wp-image-2183\" src=\"https:\/\/blog.momoxfashion.com\/de\/wp-content\/uploads\/2017\/09\/oktoberfest-schuhe.png\" alt=\"Oktoberfest-Outfit Schuhe\" width=\"226\" height=\"207\" srcset=\"https:\/\/blog.momoxfashion.com\/de\/wp-content\/uploads\/2017\/09\/oktoberfest-schuhe.png 1013w, https:\/\/blog.momoxfashion.com\/de\/wp-content\/uploads\/2017\/09\/oktoberfest-schuhe-150x138.png 150w, https:\/\/blog.momoxfashion.com\/de\/wp-content\/uploads\/2017\/09\/oktoberfest-schuhe-500x459.png 500w, https:\/\/blog.momoxfashion.com\/de\/wp-content\/uploads\/2017\/09\/oktoberfest-schuhe-400x367.png 400w, https:\/\/blog.momoxfashion.com\/de\/wp-content\/uploads\/2017\/09\/oktoberfest-schuhe-800x734.png 800w\" sizes=\"auto, (max-width: 226px) 100vw, 226px\" \/><figcaption id=\"caption-attachment-2183\" class=\"wp-caption-text\"><strong>SCHUHE v.l.n.r.:<\/strong> Daniel Hechter &#8211; Kiomi &#8211; Esprit &#8211; H&amp;M &#8211; Tommy Hilfiger (alles momoxfashion.com\/de\/)<\/figcaption><\/figure>\n<h4>Der richtige Schuh<\/h4>\n<p>Das richtige <a href=\"https:\/\/www.momoxfashion.com\/de\/damen\/schuhe\">Schuhwerk<\/a> ist entscheidend f\u00fcr den Besuch des Oktoberfestes. Schlie\u00dflich m\u00fcssen die F\u00fc\u00dfe den ganzen Abend durchhalten. Achte also darauf, dass die Abs\u00e4tze stabil und nicht zu hoch sind. Sonst bekommst du auf dem weichen Untergrund rund um das Festgel\u00e4nde schnell Probleme. Zu hohe Abs\u00e4tze k\u00f6nnen auch sp\u00e4ter beim Tanzen auf den B\u00e4nken hinderlich sein (das Tanzen auf den Tischen ist beim Oktoberfest in M\u00fcnchen \u00fcbrigens untersagt). Zu einer kurzen Hose oder einer Jeans kannst du auch ein Paar braune Schn\u00fcrboots kombinieren. <a href=\"https:\/\/www.momoxfashion.com\/de\/damen\/schuhe\/stiefeletten\">Boots<\/a> aus Wildleder wirken besonders stimmig.<\/p>\n<p>&nbsp;<\/p>\n<h4>Accessoires<img loading=\"lazy\" decoding=\"async\" class=\"alignright wp-image-2180\" src=\"https:\/\/blog.momoxfashion.com\/de\/wp-content\/uploads\/2017\/09\/oktoberfest-handtaschen.png\" alt=\"Oktoberfest-Outfit Handtaschen\" width=\"256\" height=\"206\" srcset=\"https:\/\/blog.momoxfashion.com\/de\/wp-content\/uploads\/2017\/09\/oktoberfest-handtaschen.png 721w, https:\/\/blog.momoxfashion.com\/de\/wp-content\/uploads\/2017\/09\/oktoberfest-handtaschen-150x120.png 150w, https:\/\/blog.momoxfashion.com\/de\/wp-content\/uploads\/2017\/09\/oktoberfest-handtaschen-500x402.png 500w, https:\/\/blog.momoxfashion.com\/de\/wp-content\/uploads\/2017\/09\/oktoberfest-handtaschen-400x321.png 400w\" sizes=\"auto, (max-width: 256px) 100vw, 256px\" \/><\/h4>\n<p>Mit dem passenden Accessoire kannst du deinem Oktoberfest-Outfit den letzten Schliff geben. Schmuck spielt da nat\u00fcrlich auch eine wichtige Rolle. Wenn du nicht so gern Halsketten tr\u00e4gst, versuch es doch mal mit einem kleinen <a href=\"https:\/\/www.momoxfashion.com\/de\/damen\/accessoires\/schals-tuecher\">Tuch<\/a> um den Hals. Am sch\u00f6nsten sind T\u00fccher mit Punkten oder Karomuster. Aber auch eine passende <a href=\"https:\/\/www.momoxfashion.com\/de\/damen\/accessoires\/handtaschen\">Tasche<\/a> kann deinen Look sehr gut unterst\u00fctzen. F\u00fcr den Oktoberfestbesuch l\u00e4sst du die gro\u00dfe Tasche lieber zu Hause und greifst auf eine kleine Umh\u00e4ngetasche zur\u00fcck.<img loading=\"lazy\" decoding=\"async\" class=\"alignleft wp-image-2167\" src=\"https:\/\/blog.momoxfashion.com\/de\/wp-content\/uploads\/2017\/09\/oktoberfest-get-the-look.png\" alt=\"Oktoberfest-Outfit Get the Look\" width=\"692\" height=\"175\" srcset=\"https:\/\/blog.momoxfashion.com\/de\/wp-content\/uploads\/2017\/09\/oktoberfest-get-the-look.png 1187w, https:\/\/blog.momoxfashion.com\/de\/wp-content\/uploads\/2017\/09\/oktoberfest-get-the-look-150x38.png 150w, https:\/\/blog.momoxfashion.com\/de\/wp-content\/uploads\/2017\/09\/oktoberfest-get-the-look-500x126.png 500w, https:\/\/blog.momoxfashion.com\/de\/wp-content\/uploads\/2017\/09\/oktoberfest-get-the-look-400x101.png 400w, https:\/\/blog.momoxfashion.com\/de\/wp-content\/uploads\/2017\/09\/oktoberfest-get-the-look-1150x291.png 1150w, https:\/\/blog.momoxfashion.com\/de\/wp-content\/uploads\/2017\/09\/oktoberfest-get-the-look-800x202.png 800w\" sizes=\"auto, (max-width: 692px) 100vw, 692px\" \/><\/p>\n<figure id=\"attachment_2168\" aria-describedby=\"caption-attachment-2168\" style=\"width: 335px\" class=\"wp-caption alignleft\"><img loading=\"lazy\" decoding=\"async\" class=\"wp-image-2168\" src=\"https:\/\/blog.momoxfashion.com\/de\/wp-content\/uploads\/2017\/09\/oktoberfest-get-the-look-damen.png\" alt=\"Oktoberfest-Outfit Get the Look Damen\" width=\"335\" height=\"300\" srcset=\"https:\/\/blog.momoxfashion.com\/de\/wp-content\/uploads\/2017\/09\/oktoberfest-get-the-look-damen.png 1074w, https:\/\/blog.momoxfashion.com\/de\/wp-content\/uploads\/2017\/09\/oktoberfest-get-the-look-damen-150x134.png 150w, https:\/\/blog.momoxfashion.com\/de\/wp-content\/uploads\/2017\/09\/oktoberfest-get-the-look-damen-500x448.png 500w, https:\/\/blog.momoxfashion.com\/de\/wp-content\/uploads\/2017\/09\/oktoberfest-get-the-look-damen-400x359.png 400w, https:\/\/blog.momoxfashion.com\/de\/wp-content\/uploads\/2017\/09\/oktoberfest-get-the-look-damen-800x717.png 800w\" sizes=\"auto, (max-width: 335px) 100vw, 335px\" \/><figcaption id=\"caption-attachment-2168\" class=\"wp-caption-text\"><strong>OUTFIT DAMEN:<\/strong> Tuch: Khujo &#8211; Strickjacke: Liu.Jo &#8211; Shorts: Sportalm &#8211; Bluse: s.Oliver Selection &#8211; Schuhe: Tommy Hilfiger &#8211; Tasche: Harolds (alles momoxfashion.com\/de\/)<\/figcaption><\/figure>\n<p>&nbsp;<\/p>\n<p>&nbsp;<\/p>\n<figure id=\"attachment_2169\" aria-describedby=\"caption-attachment-2169\" style=\"width: 367px\" class=\"wp-caption alignleft\"><img loading=\"lazy\" decoding=\"async\" class=\"wp-image-2169\" src=\"https:\/\/blog.momoxfashion.com\/de\/wp-content\/uploads\/2017\/09\/oktoberfest-get-the-look-herren.png\" alt=\"Oktoberfest-Outfit Get the Look Herren\" width=\"367\" height=\"300\" srcset=\"https:\/\/blog.momoxfashion.com\/de\/wp-content\/uploads\/2017\/09\/oktoberfest-get-the-look-herren.png 1163w, https:\/\/blog.momoxfashion.com\/de\/wp-content\/uploads\/2017\/09\/oktoberfest-get-the-look-herren-150x123.png 150w, https:\/\/blog.momoxfashion.com\/de\/wp-content\/uploads\/2017\/09\/oktoberfest-get-the-look-herren-500x409.png 500w, https:\/\/blog.momoxfashion.com\/de\/wp-content\/uploads\/2017\/09\/oktoberfest-get-the-look-herren-400x327.png 400w, https:\/\/blog.momoxfashion.com\/de\/wp-content\/uploads\/2017\/09\/oktoberfest-get-the-look-herren-1150x941.png 1150w, https:\/\/blog.momoxfashion.com\/de\/wp-content\/uploads\/2017\/09\/oktoberfest-get-the-look-herren-800x655.png 800w\" sizes=\"auto, (max-width: 367px) 100vw, 367px\" \/><figcaption id=\"caption-attachment-2169\" class=\"wp-caption-text\"><strong>OUTFIT HERREN:<\/strong> Hemd: s.Oliver &#8211; Strickjacke: Abercrombie &amp; Fitch &#8211; Hose: Nudie Jeans &#8211; G\u00fcrtel: Diesel &#8211; Schuhe: Tommy Hilfiger (alles momoxfashion.com\/de\/)<\/figcaption><\/figure>\n<p>&nbsp;<\/p>\n<p>&nbsp;<\/p>\n<p>&nbsp;<\/p>\n<h2><\/h2>\n<p>&nbsp;<\/p>\n<p>&nbsp;<\/p>\n<h2><\/h2>\n<h2><\/h2>\n<h2 style=\"text-align: left;\"><\/h2>\n<p>&nbsp;<\/p>\n<p>&nbsp;<\/p>\n<p>&nbsp;<\/p>\n<p>&nbsp;<\/p>\n<p>&nbsp;<\/p>\n<p>&nbsp;<\/p>\n<p>&nbsp;<\/p>\n<h2>Z\u00fcnftige Modemarken<\/h2>\n<p>Wenn du noch auf der Suche nach ein paar passenden St\u00fccken f\u00fcr dein Oktoberfest-Outfit bist, wirst du bestimmt bei diesen Marken f\u00fcndig:<\/p>\n<ul>\n<li><a href=\"https:\/\/www.momoxfashion.com\/de\/marke\/sportalm\/\">SPORTALM<\/a><\/li>\n<li><a href=\"https:\/\/www.momoxfashion.com\/de\/marke\/lodenfrey\/\">LODENFREY<\/a><\/li>\n<li><a href=\"https:\/\/www.momoxfashion.com\/de\/marke\/wenger-tracht\/\">WENGER TRACHT<\/a><\/li>\n<li><a href=\"https:\/\/www.momoxfashion.com\/de\/marke\/alprausch\/\">Alprausch<\/a><\/li>\n<li><a href=\"https:\/\/www.momoxfashion.com\/de\/marke\/meindl\/\">MEINDL<\/a><\/li>\n<li><a href=\"https:\/\/www.momoxfashion.com\/de\/marke\/adelheid\/\">Adelheid<\/a><\/li>\n<\/ul>\n","protected":false},"excerpt":{"rendered":"<p>Am letzten Wochenende wurde in M\u00fcnchen wieder das gr\u00f6\u00dfte Volksfest der Welt er\u00f6ffnet. Wir Berliner haben mit Karneval, Oktoberfest und Co. ja eher wenig am Hut. Da wir aber die weltoffenste Stadt \u00fcberhaupt sind, veranstaltet Berlin seit vielen Jahren ebenfalls diverse Oktoberfeste. Ich habe mir f\u00fcr dich ein paar Second Hand Alternativen zum klassischen Dirndl [&hellip;]<\/p>\n","protected":false},"author":2,"featured_media":2179,"comment_status":"open","ping_status":"open","sticky":false,"template":"","format":"standard","meta":{"_acf_changed":false,"footnotes":""},"categories":[12],"tags":[62,59],"class_list":["post-2166","post","type-post","status-publish","format-standard","has-post-thumbnail","hentry","category-mode_trends","tag-anlassmode","tag-damenmode"],"acf":[],"yoast_head":"<!-- This site is optimized with the Yoast SEO plugin v27.3 - https:\/\/yoast.com\/product\/yoast-seo-wordpress\/ -->\n<title>Operation Wiesn: eine Berlinerin sucht das passende Oktoberfest-Outfit<\/title>\n<meta name=\"description\" content=\"Im momox fashion Fashion Blog habe ich f\u00fcr dich Alternativen zum klassischen Dirndl und Tipps f\u00fcr das richtige Oktoberfest-Outfit zusammengestellt.\" \/>\n<meta name=\"robots\" content=\"index, follow, max-snippet:-1, max-image-preview:large, max-video-preview:-1\" \/>\n<link rel=\"canonical\" href=\"https:\/\/blog.momoxfashion.com\/de\/oktoberfest-outfit\/\" \/>\n<meta property=\"og:locale\" content=\"de_DE\" \/>\n<meta property=\"og:type\" content=\"article\" \/>\n<meta property=\"og:title\" content=\"Operation Wiesn: eine Berlinerin sucht das passende Oktoberfest-Outfit\" \/>\n<meta property=\"og:description\" content=\"Im momox fashion Fashion Blog habe ich f\u00fcr dich Alternativen zum klassischen Dirndl und Tipps f\u00fcr das richtige Oktoberfest-Outfit zusammengestellt.\" \/>\n<meta property=\"og:url\" content=\"https:\/\/blog.momoxfashion.com\/de\/oktoberfest-outfit\/\" \/>\n<meta property=\"og:site_name\" content=\"momox fashion Blog\" \/>\n<meta property=\"article:publisher\" content=\"https:\/\/www.facebook.com\/usedbutprecious\/\" \/>\n<meta property=\"article:published_time\" content=\"2017-09-21T13:23:44+00:00\" \/>\n<meta property=\"article:modified_time\" content=\"2021-10-27T19:26:42+00:00\" \/>\n<meta property=\"og:image\" content=\"https:\/\/blog.momoxfashion.com\/de\/wp-content\/uploads\/2017\/09\/Oktoberfest.jpg\" \/>\n\t<meta property=\"og:image:width\" content=\"1150\" \/>\n\t<meta property=\"og:image:height\" content=\"863\" \/>\n\t<meta property=\"og:image:type\" content=\"image\/jpeg\" \/>\n<meta name=\"author\" content=\"Juliane\" \/>\n<meta name=\"twitter:card\" content=\"summary_large_image\" \/>\n<meta name=\"twitter:creator\" content=\"@ubup_team\" \/>\n<meta name=\"twitter:site\" content=\"@ubup_team\" \/>\n<meta name=\"twitter:label1\" content=\"Verfasst von\" \/>\n\t<meta name=\"twitter:data1\" content=\"Juliane\" \/>\n\t<meta name=\"twitter:label2\" content=\"Gesch\u00e4tzte Lesezeit\" \/>\n\t<meta name=\"twitter:data2\" content=\"4\u00a0Minuten\" \/>\n<script type=\"application\/ld+json\" class=\"yoast-schema-graph\">{\"@context\":\"https:\\\/\\\/schema.org\",\"@graph\":[{\"@type\":\"Article\",\"@id\":\"https:\\\/\\\/blog.momoxfashion.com\\\/de\\\/oktoberfest-outfit\\\/#article\",\"isPartOf\":{\"@id\":\"https:\\\/\\\/blog.momoxfashion.com\\\/de\\\/oktoberfest-outfit\\\/\"},\"author\":{\"name\":\"Juliane\",\"@id\":\"https:\\\/\\\/blog.momoxfashion.com\\\/de\\\/#\\\/schema\\\/person\\\/a1e091d79d4cab3dc809c06405da6f0a\"},\"headline\":\"Operation Wiesn: eine Berlinerin sucht das passende Oktoberfest-Outfit\",\"datePublished\":\"2017-09-21T13:23:44+00:00\",\"dateModified\":\"2021-10-27T19:26:42+00:00\",\"mainEntityOfPage\":{\"@id\":\"https:\\\/\\\/blog.momoxfashion.com\\\/de\\\/oktoberfest-outfit\\\/\"},\"wordCount\":733,\"commentCount\":0,\"image\":{\"@id\":\"https:\\\/\\\/blog.momoxfashion.com\\\/de\\\/oktoberfest-outfit\\\/#primaryimage\"},\"thumbnailUrl\":\"https:\\\/\\\/blog.momoxfashion.com\\\/de\\\/wp-content\\\/uploads\\\/2017\\\/09\\\/Oktoberfest.jpg\",\"keywords\":[\"Anlassmode\",\"Damenmode\"],\"articleSection\":[\"Mode &amp; Trends\"],\"inLanguage\":\"de\",\"potentialAction\":[{\"@type\":\"CommentAction\",\"name\":\"Comment\",\"target\":[\"https:\\\/\\\/blog.momoxfashion.com\\\/de\\\/oktoberfest-outfit\\\/#respond\"]}]},{\"@type\":\"WebPage\",\"@id\":\"https:\\\/\\\/blog.momoxfashion.com\\\/de\\\/oktoberfest-outfit\\\/\",\"url\":\"https:\\\/\\\/blog.momoxfashion.com\\\/de\\\/oktoberfest-outfit\\\/\",\"name\":\"Operation Wiesn: eine Berlinerin sucht das passende Oktoberfest-Outfit\",\"isPartOf\":{\"@id\":\"https:\\\/\\\/blog.momoxfashion.com\\\/de\\\/#website\"},\"primaryImageOfPage\":{\"@id\":\"https:\\\/\\\/blog.momoxfashion.com\\\/de\\\/oktoberfest-outfit\\\/#primaryimage\"},\"image\":{\"@id\":\"https:\\\/\\\/blog.momoxfashion.com\\\/de\\\/oktoberfest-outfit\\\/#primaryimage\"},\"thumbnailUrl\":\"https:\\\/\\\/blog.momoxfashion.com\\\/de\\\/wp-content\\\/uploads\\\/2017\\\/09\\\/Oktoberfest.jpg\",\"datePublished\":\"2017-09-21T13:23:44+00:00\",\"dateModified\":\"2021-10-27T19:26:42+00:00\",\"author\":{\"@id\":\"https:\\\/\\\/blog.momoxfashion.com\\\/de\\\/#\\\/schema\\\/person\\\/a1e091d79d4cab3dc809c06405da6f0a\"},\"description\":\"Im momox fashion Fashion Blog habe ich f\u00fcr dich Alternativen zum klassischen Dirndl und Tipps f\u00fcr das richtige Oktoberfest-Outfit zusammengestellt.\",\"breadcrumb\":{\"@id\":\"https:\\\/\\\/blog.momoxfashion.com\\\/de\\\/oktoberfest-outfit\\\/#breadcrumb\"},\"inLanguage\":\"de\",\"potentialAction\":[{\"@type\":\"ReadAction\",\"target\":[\"https:\\\/\\\/blog.momoxfashion.com\\\/de\\\/oktoberfest-outfit\\\/\"]}]},{\"@type\":\"ImageObject\",\"inLanguage\":\"de\",\"@id\":\"https:\\\/\\\/blog.momoxfashion.com\\\/de\\\/oktoberfest-outfit\\\/#primaryimage\",\"url\":\"https:\\\/\\\/blog.momoxfashion.com\\\/de\\\/wp-content\\\/uploads\\\/2017\\\/09\\\/Oktoberfest.jpg\",\"contentUrl\":\"https:\\\/\\\/blog.momoxfashion.com\\\/de\\\/wp-content\\\/uploads\\\/2017\\\/09\\\/Oktoberfest.jpg\",\"width\":1150,\"height\":863,\"caption\":\"Oktoberfest\"},{\"@type\":\"BreadcrumbList\",\"@id\":\"https:\\\/\\\/blog.momoxfashion.com\\\/de\\\/oktoberfest-outfit\\\/#breadcrumb\",\"itemListElement\":[{\"@type\":\"ListItem\",\"position\":1,\"name\":\"Startseite\",\"item\":\"https:\\\/\\\/blog.momoxfashion.com\\\/de\\\/\"},{\"@type\":\"ListItem\",\"position\":2,\"name\":\"Operation Wiesn: eine Berlinerin sucht das passende Oktoberfest-Outfit\"}]},{\"@type\":\"WebSite\",\"@id\":\"https:\\\/\\\/blog.momoxfashion.com\\\/de\\\/#website\",\"url\":\"https:\\\/\\\/blog.momoxfashion.com\\\/de\\\/\",\"name\":\"momox fashion Blog\",\"description\":\"Fashion News, Second Hand Trends &amp; Nachhaltigkeit\",\"potentialAction\":[{\"@type\":\"SearchAction\",\"target\":{\"@type\":\"EntryPoint\",\"urlTemplate\":\"https:\\\/\\\/blog.momoxfashion.com\\\/de\\\/?s={search_term_string}\"},\"query-input\":{\"@type\":\"PropertyValueSpecification\",\"valueRequired\":true,\"valueName\":\"search_term_string\"}}],\"inLanguage\":\"de\"},{\"@type\":\"Person\",\"@id\":\"https:\\\/\\\/blog.momoxfashion.com\\\/de\\\/#\\\/schema\\\/person\\\/a1e091d79d4cab3dc809c06405da6f0a\",\"name\":\"Juliane\",\"image\":{\"@type\":\"ImageObject\",\"inLanguage\":\"de\",\"@id\":\"https:\\\/\\\/secure.gravatar.com\\\/avatar\\\/6736b4cbf8990920a6788cece3633ff810e55e7387afdd8a40de7fb3a73c0c6e?s=96&d=wp_user_avatar&r=g\",\"url\":\"https:\\\/\\\/secure.gravatar.com\\\/avatar\\\/6736b4cbf8990920a6788cece3633ff810e55e7387afdd8a40de7fb3a73c0c6e?s=96&d=wp_user_avatar&r=g\",\"contentUrl\":\"https:\\\/\\\/secure.gravatar.com\\\/avatar\\\/6736b4cbf8990920a6788cece3633ff810e55e7387afdd8a40de7fb3a73c0c6e?s=96&d=wp_user_avatar&r=g\",\"caption\":\"Juliane\"},\"description\":\"Mein Name ist Juliane, ich bin seit Januar 2016 Teil von momox fashion und texte f\u00fcr diesen Blog. Hier informiere ich dich \u00fcber aktuelle Fashion-Trends, versorge dich mit Fashion-Tipps f\u00fcr verschiedene Anl\u00e4sse und recherchiere exklusiv f\u00fcr dich Wissenswertes \u00fcber Mode.\",\"sameAs\":[\"https:\\\/\\\/www.momoxfashion.com\\\/de\\\/\"],\"url\":\"https:\\\/\\\/blog.momoxfashion.com\\\/de\\\/author\\\/ubup-team\\\/\"}]}<\/script>\n<!-- \/ Yoast SEO plugin. -->","yoast_head_json":{"title":"Operation Wiesn: eine Berlinerin sucht das passende Oktoberfest-Outfit","description":"Im momox fashion Fashion Blog habe ich f\u00fcr dich Alternativen zum klassischen Dirndl und Tipps f\u00fcr das richtige Oktoberfest-Outfit zusammengestellt.","robots":{"index":"index","follow":"follow","max-snippet":"max-snippet:-1","max-image-preview":"max-image-preview:large","max-video-preview":"max-video-preview:-1"},"canonical":"https:\/\/blog.momoxfashion.com\/de\/oktoberfest-outfit\/","og_locale":"de_DE","og_type":"article","og_title":"Operation Wiesn: eine Berlinerin sucht das passende Oktoberfest-Outfit","og_description":"Im momox fashion Fashion Blog habe ich f\u00fcr dich Alternativen zum klassischen Dirndl und Tipps f\u00fcr das richtige Oktoberfest-Outfit zusammengestellt.","og_url":"https:\/\/blog.momoxfashion.com\/de\/oktoberfest-outfit\/","og_site_name":"momox fashion Blog","article_publisher":"https:\/\/www.facebook.com\/usedbutprecious\/","article_published_time":"2017-09-21T13:23:44+00:00","article_modified_time":"2021-10-27T19:26:42+00:00","og_image":[{"width":1150,"height":863,"url":"https:\/\/blog.momoxfashion.com\/de\/wp-content\/uploads\/2017\/09\/Oktoberfest.jpg","type":"image\/jpeg"}],"author":"Juliane","twitter_card":"summary_large_image","twitter_creator":"@ubup_team","twitter_site":"@ubup_team","twitter_misc":{"Verfasst von":"Juliane","Gesch\u00e4tzte Lesezeit":"4\u00a0Minuten"},"schema":{"@context":"https:\/\/schema.org","@graph":[{"@type":"Article","@id":"https:\/\/blog.momoxfashion.com\/de\/oktoberfest-outfit\/#article","isPartOf":{"@id":"https:\/\/blog.momoxfashion.com\/de\/oktoberfest-outfit\/"},"author":{"name":"Juliane","@id":"https:\/\/blog.momoxfashion.com\/de\/#\/schema\/person\/a1e091d79d4cab3dc809c06405da6f0a"},"headline":"Operation Wiesn: eine Berlinerin sucht das passende Oktoberfest-Outfit","datePublished":"2017-09-21T13:23:44+00:00","dateModified":"2021-10-27T19:26:42+00:00","mainEntityOfPage":{"@id":"https:\/\/blog.momoxfashion.com\/de\/oktoberfest-outfit\/"},"wordCount":733,"commentCount":0,"image":{"@id":"https:\/\/blog.momoxfashion.com\/de\/oktoberfest-outfit\/#primaryimage"},"thumbnailUrl":"https:\/\/blog.momoxfashion.com\/de\/wp-content\/uploads\/2017\/09\/Oktoberfest.jpg","keywords":["Anlassmode","Damenmode"],"articleSection":["Mode &amp; Trends"],"inLanguage":"de","potentialAction":[{"@type":"CommentAction","name":"Comment","target":["https:\/\/blog.momoxfashion.com\/de\/oktoberfest-outfit\/#respond"]}]},{"@type":"WebPage","@id":"https:\/\/blog.momoxfashion.com\/de\/oktoberfest-outfit\/","url":"https:\/\/blog.momoxfashion.com\/de\/oktoberfest-outfit\/","name":"Operation Wiesn: eine Berlinerin sucht das passende Oktoberfest-Outfit","isPartOf":{"@id":"https:\/\/blog.momoxfashion.com\/de\/#website"},"primaryImageOfPage":{"@id":"https:\/\/blog.momoxfashion.com\/de\/oktoberfest-outfit\/#primaryimage"},"image":{"@id":"https:\/\/blog.momoxfashion.com\/de\/oktoberfest-outfit\/#primaryimage"},"thumbnailUrl":"https:\/\/blog.momoxfashion.com\/de\/wp-content\/uploads\/2017\/09\/Oktoberfest.jpg","datePublished":"2017-09-21T13:23:44+00:00","dateModified":"2021-10-27T19:26:42+00:00","author":{"@id":"https:\/\/blog.momoxfashion.com\/de\/#\/schema\/person\/a1e091d79d4cab3dc809c06405da6f0a"},"description":"Im momox fashion Fashion Blog habe ich f\u00fcr dich Alternativen zum klassischen Dirndl und Tipps f\u00fcr das richtige Oktoberfest-Outfit zusammengestellt.","breadcrumb":{"@id":"https:\/\/blog.momoxfashion.com\/de\/oktoberfest-outfit\/#breadcrumb"},"inLanguage":"de","potentialAction":[{"@type":"ReadAction","target":["https:\/\/blog.momoxfashion.com\/de\/oktoberfest-outfit\/"]}]},{"@type":"ImageObject","inLanguage":"de","@id":"https:\/\/blog.momoxfashion.com\/de\/oktoberfest-outfit\/#primaryimage","url":"https:\/\/blog.momoxfashion.com\/de\/wp-content\/uploads\/2017\/09\/Oktoberfest.jpg","contentUrl":"https:\/\/blog.momoxfashion.com\/de\/wp-content\/uploads\/2017\/09\/Oktoberfest.jpg","width":1150,"height":863,"caption":"Oktoberfest"},{"@type":"BreadcrumbList","@id":"https:\/\/blog.momoxfashion.com\/de\/oktoberfest-outfit\/#breadcrumb","itemListElement":[{"@type":"ListItem","position":1,"name":"Startseite","item":"https:\/\/blog.momoxfashion.com\/de\/"},{"@type":"ListItem","position":2,"name":"Operation Wiesn: eine Berlinerin sucht das passende Oktoberfest-Outfit"}]},{"@type":"WebSite","@id":"https:\/\/blog.momoxfashion.com\/de\/#website","url":"https:\/\/blog.momoxfashion.com\/de\/","name":"momox fashion Blog","description":"Fashion News, Second Hand Trends &amp; Nachhaltigkeit","potentialAction":[{"@type":"SearchAction","target":{"@type":"EntryPoint","urlTemplate":"https:\/\/blog.momoxfashion.com\/de\/?s={search_term_string}"},"query-input":{"@type":"PropertyValueSpecification","valueRequired":true,"valueName":"search_term_string"}}],"inLanguage":"de"},{"@type":"Person","@id":"https:\/\/blog.momoxfashion.com\/de\/#\/schema\/person\/a1e091d79d4cab3dc809c06405da6f0a","name":"Juliane","image":{"@type":"ImageObject","inLanguage":"de","@id":"https:\/\/secure.gravatar.com\/avatar\/6736b4cbf8990920a6788cece3633ff810e55e7387afdd8a40de7fb3a73c0c6e?s=96&d=wp_user_avatar&r=g","url":"https:\/\/secure.gravatar.com\/avatar\/6736b4cbf8990920a6788cece3633ff810e55e7387afdd8a40de7fb3a73c0c6e?s=96&d=wp_user_avatar&r=g","contentUrl":"https:\/\/secure.gravatar.com\/avatar\/6736b4cbf8990920a6788cece3633ff810e55e7387afdd8a40de7fb3a73c0c6e?s=96&d=wp_user_avatar&r=g","caption":"Juliane"},"description":"Mein Name ist Juliane, ich bin seit Januar 2016 Teil von momox fashion und texte f\u00fcr diesen Blog. Hier informiere ich dich \u00fcber aktuelle Fashion-Trends, versorge dich mit Fashion-Tipps f\u00fcr verschiedene Anl\u00e4sse und recherchiere exklusiv f\u00fcr dich Wissenswertes \u00fcber Mode.","sameAs":["https:\/\/www.momoxfashion.com\/de\/"],"url":"https:\/\/blog.momoxfashion.com\/de\/author\/ubup-team\/"}]}},"_links":{"self":[{"href":"https:\/\/blog.momoxfashion.com\/de\/wp-json\/wp\/v2\/posts\/2166","targetHints":{"allow":["GET"]}}],"collection":[{"href":"https:\/\/blog.momoxfashion.com\/de\/wp-json\/wp\/v2\/posts"}],"about":[{"href":"https:\/\/blog.momoxfashion.com\/de\/wp-json\/wp\/v2\/types\/post"}],"author":[{"embeddable":true,"href":"https:\/\/blog.momoxfashion.com\/de\/wp-json\/wp\/v2\/users\/2"}],"replies":[{"embeddable":true,"href":"https:\/\/blog.momoxfashion.com\/de\/wp-json\/wp\/v2\/comments?post=2166"}],"version-history":[{"count":84,"href":"https:\/\/blog.momoxfashion.com\/de\/wp-json\/wp\/v2\/posts\/2166\/revisions"}],"predecessor-version":[{"id":6280,"href":"https:\/\/blog.momoxfashion.com\/de\/wp-json\/wp\/v2\/posts\/2166\/revisions\/6280"}],"wp:featuredmedia":[{"embeddable":true,"href":"https:\/\/blog.momoxfashion.com\/de\/wp-json\/wp\/v2\/media\/2179"}],"wp:attachment":[{"href":"https:\/\/blog.momoxfashion.com\/de\/wp-json\/wp\/v2\/media?parent=2166"}],"wp:term":[{"taxonomy":"category","embeddable":true,"href":"https:\/\/blog.momoxfashion.com\/de\/wp-json\/wp\/v2\/categories?post=2166"},{"taxonomy":"post_tag","embeddable":true,"href":"https:\/\/blog.momoxfashion.com\/de\/wp-json\/wp\/v2\/tags?post=2166"}],"curies":[{"name":"wp","href":"https:\/\/api.w.org\/{rel}","templated":true}]}}