{"id":463,"date":"2016-09-04T14:00:53","date_gmt":"2016-09-04T12:00:53","guid":{"rendered":"http:\/\/blog.ubup.com\/?p=463"},"modified":"2021-10-25T13:15:15","modified_gmt":"2021-10-25T11:15:15","slug":"vatermoerder","status":"publish","type":"post","link":"https:\/\/blog.momoxfashion.com\/de\/vatermoerder\/","title":{"rendered":"Schon gewusst? Der Vaterm\u00f6rder"},"content":{"rendered":"<p>Der Begriff \u201eVaterm\u00f6rder\u201c klingt eher nach einer be\u00e4ngstigenden Tatort-Folge, als nach einem modischem Accessoire: Die historische Bezeichnung ist heute wohl kaum noch jemandem bekannt.<\/p>\n<h1>Begriffsgeschichte<\/h1>\n<p>Der Wortursprung ist franz\u00f6sisch: \u201eParasites\u201c bedeutet so viel wie \u201eSchmarotzer\u201c oder \u201eMitesser\u201c. Der Begriff wurde in Deutschland vermutlich mit dem \u00e4hnlich klingenden \u201epatricide\u201c (f\u00fcr \u201eVaterm\u00f6rder\u201c) verwechselt.<\/p>\n<p>Doch wie schon oft lassen sich dar\u00fcber nur Vermutungen anstellen: So ist auch diese Herkunftsgeschichte nur eine unter vielen.<\/p>\n<h2>Wer ist der Vaterm\u00f6rder?<\/h2>\n<p>Tats\u00e4chlich hat der Begriff \u00fcberhaupt nichts mit einem Mord am Vater zu tun: Vielmehr bezeichnet er einen hohen Stehkragen (inkl. breit gewickelter Krawatte), der eng anliegend und nach vorn offen getragen wird.<\/p>\n<figure id=\"attachment_464\" aria-describedby=\"caption-attachment-464\" style=\"width: 335px\" class=\"wp-caption alignleft\"><img loading=\"lazy\" decoding=\"async\" class=\"wp-image-464 size-large\" title=\"Mann mit Vaterm\u00f6rder (1825)\" src=\"https:\/\/blog.momoxfashion.com\/de\/wp-content\/uploads\/2016\/08\/Vaterm\u00f6rder-335x400.jpg\" alt=\"Vaterm\u00f6rder\" width=\"335\" height=\"400\" srcset=\"https:\/\/blog.momoxfashion.com\/de\/wp-content\/uploads\/2016\/08\/Vaterm\u00f6rder-335x400.jpg 335w, https:\/\/blog.momoxfashion.com\/de\/wp-content\/uploads\/2016\/08\/Vaterm\u00f6rder-125x150.jpg 125w, https:\/\/blog.momoxfashion.com\/de\/wp-content\/uploads\/2016\/08\/Vaterm\u00f6rder-500x598.jpg 500w, https:\/\/blog.momoxfashion.com\/de\/wp-content\/uploads\/2016\/08\/Vaterm\u00f6rder-800x957.jpg 800w, https:\/\/blog.momoxfashion.com\/de\/wp-content\/uploads\/2016\/08\/Vaterm\u00f6rder.jpg 2024w\" sizes=\"auto, (max-width: 335px) 100vw, 335px\" \/><figcaption id=\"caption-attachment-464\" class=\"wp-caption-text\">Mann mit Vaterm\u00f6rder (1825), Quelle: Wikipedia \u201eVaterm\u00f6rder\u201c (31.08.2016), Italienischer Maler<\/figcaption><\/figure>\n<p>Seine steifen und scharfen Kanten reichen dabei bis \u00fcber das Kinn. Vermutlich ist der unkomfortable Sitz am Hals ein Grund f\u00fcr die abwertende Benennung dieser Modeerscheinung. Die extravagante Kragenform entstand im 19. Jahrhundert zur Zeit des Biedermeiers und Vorm\u00e4rz (circa 1815 bis 1848). Zeitweilig dominierten Varianten mit extremer Kragenh\u00f6he, die jedoch bald wieder an Bedeutung verloren: Denn bequem und praktisch war dieser Look auf keinen Fall. Wahrscheinlich durfte der Vaterm\u00f6rder deswegen bisher auch noch kein Revival feiern.<\/p>\n<p>Eine moderne, abgewandelte Form ist dagegen der sogenannte \u201eKl\u00e4ppchenkragen\u201c, von M\u00e4nnern zuweilen in Kombination mit einem Smoking getragen: Der Kragen reicht dabei jedoch nur bis zur Halsmitte, die Enden sind nach vorn geklappt.<\/p>\n<p>Nur besonders mutige Trendsetter tragen <a href=\"https:\/\/www.momoxfashion.com\/de\/herren\/bekleidung\/hemden\">Hemd<\/a>&#8211; oder <a href=\"https:\/\/www.momoxfashion.com\/de\/herren\/bekleidung\/shirts\/poloshirts\">Poloshirt<\/a>-Kragen auch heute noch hochgeschlagen. In guter, alter Sherlock Holmes-Manier.<\/p>\n<p><span style=\"border-radius: 2px; text-indent: 20px; width: auto; padding: 0px 4px 0px 0px; text-align: center; font: bold 11px\/20px 'Helvetica Neue',Helvetica,sans-serif; color: #ffffff; background: #bd081c no-repeat scroll 3px 50% \/ 14px 14px; position: absolute; opacity: 1; z-index: 8675309; display: none; cursor: pointer; top: 387px; left: 20px;\">Merken<\/span><\/p>\n","protected":false},"excerpt":{"rendered":"<p>Der Begriff \u201eVaterm\u00f6rder\u201c klingt eher nach einer be\u00e4ngstigenden Tatort-Folge, als nach einem modischem Accessoire: Die historische Bezeichnung ist heute wohl kaum noch jemandem bekannt. Begriffsgeschichte Der Wortursprung ist franz\u00f6sisch: \u201eParasites\u201c bedeutet so viel wie \u201eSchmarotzer\u201c oder \u201eMitesser\u201c. Der Begriff wurde in Deutschland vermutlich mit dem \u00e4hnlich klingenden \u201epatricide\u201c (f\u00fcr \u201eVaterm\u00f6rder\u201c) verwechselt. Doch wie schon oft [&hellip;]<\/p>\n","protected":false},"author":2,"featured_media":1884,"comment_status":"open","ping_status":"open","sticky":false,"template":"","format":"standard","meta":{"_acf_changed":false,"footnotes":""},"categories":[12],"tags":[57],"class_list":["post-463","post","type-post","status-publish","format-standard","has-post-thumbnail","hentry","category-mode_trends","tag-lexikon"],"acf":[],"yoast_head":"<!-- This site is optimized with the Yoast SEO plugin v27.3 - https:\/\/yoast.com\/product\/yoast-seo-wordpress\/ -->\n<title>Der Vaterm\u00f6rder<\/title>\n<meta name=\"description\" content=\"Keine neue Tatort-Folge, sondern der Name eines historischen Mode-Accessoires. Was verbirgt sich hinter dem Vaterm\u00f6rder? Mehr erfahren im momox fashion Fashion-Blog.\" \/>\n<meta name=\"robots\" content=\"index, follow, max-snippet:-1, max-image-preview:large, max-video-preview:-1\" \/>\n<link rel=\"canonical\" href=\"https:\/\/blog.momoxfashion.com\/de\/vatermoerder\/\" \/>\n<meta property=\"og:locale\" content=\"de_DE\" \/>\n<meta property=\"og:type\" content=\"article\" \/>\n<meta property=\"og:title\" content=\"Der Vaterm\u00f6rder\" \/>\n<meta property=\"og:description\" content=\"Keine neue Tatort-Folge, sondern der Name eines historischen Mode-Accessoires. Was verbirgt sich hinter dem Vaterm\u00f6rder? Mehr erfahren im momox fashion Fashion-Blog.\" \/>\n<meta property=\"og:url\" content=\"https:\/\/blog.momoxfashion.com\/de\/vatermoerder\/\" \/>\n<meta property=\"og:site_name\" content=\"momox fashion Blog\" \/>\n<meta property=\"article:publisher\" content=\"https:\/\/www.facebook.com\/usedbutprecious\/\" \/>\n<meta property=\"article:published_time\" content=\"2016-09-04T12:00:53+00:00\" \/>\n<meta property=\"article:modified_time\" content=\"2021-10-25T11:15:15+00:00\" \/>\n<meta property=\"og:image\" content=\"https:\/\/blog.momoxfashion.com\/de\/wp-content\/uploads\/2016\/08\/Vaterm\u00f6rder2.jpg\" \/>\n\t<meta property=\"og:image:width\" content=\"2800\" \/>\n\t<meta property=\"og:image:height\" content=\"1200\" \/>\n\t<meta property=\"og:image:type\" content=\"image\/jpeg\" \/>\n<meta name=\"author\" content=\"Juliane\" \/>\n<meta name=\"twitter:card\" content=\"summary_large_image\" \/>\n<meta name=\"twitter:image\" content=\"https:\/\/blog.momoxfashion.com\/de\/wp-content\/uploads\/2016\/08\/Vaterm\u00f6rder2.jpg\" \/>\n<meta name=\"twitter:creator\" content=\"@ubup_team\" \/>\n<meta name=\"twitter:site\" content=\"@ubup_team\" \/>\n<meta name=\"twitter:label1\" content=\"Verfasst von\" \/>\n\t<meta name=\"twitter:data1\" content=\"Juliane\" \/>\n\t<meta name=\"twitter:label2\" content=\"Gesch\u00e4tzte Lesezeit\" \/>\n\t<meta name=\"twitter:data2\" content=\"1\u00a0Minute\" \/>\n<script type=\"application\/ld+json\" class=\"yoast-schema-graph\">{\"@context\":\"https:\\\/\\\/schema.org\",\"@graph\":[{\"@type\":\"Article\",\"@id\":\"https:\\\/\\\/blog.momoxfashion.com\\\/de\\\/vatermoerder\\\/#article\",\"isPartOf\":{\"@id\":\"https:\\\/\\\/blog.momoxfashion.com\\\/de\\\/vatermoerder\\\/\"},\"author\":{\"name\":\"Juliane\",\"@id\":\"https:\\\/\\\/blog.momoxfashion.com\\\/de\\\/#\\\/schema\\\/person\\\/a1e091d79d4cab3dc809c06405da6f0a\"},\"headline\":\"Schon gewusst? Der Vaterm\u00f6rder\",\"datePublished\":\"2016-09-04T12:00:53+00:00\",\"dateModified\":\"2021-10-25T11:15:15+00:00\",\"mainEntityOfPage\":{\"@id\":\"https:\\\/\\\/blog.momoxfashion.com\\\/de\\\/vatermoerder\\\/\"},\"wordCount\":267,\"commentCount\":0,\"image\":{\"@id\":\"https:\\\/\\\/blog.momoxfashion.com\\\/de\\\/vatermoerder\\\/#primaryimage\"},\"thumbnailUrl\":\"https:\\\/\\\/blog.momoxfashion.com\\\/de\\\/wp-content\\\/uploads\\\/2016\\\/09\\\/vatermo\u0308rder2.jpg\",\"keywords\":[\"Lexikon\"],\"articleSection\":[\"Mode &amp; Trends\"],\"inLanguage\":\"de\",\"potentialAction\":[{\"@type\":\"CommentAction\",\"name\":\"Comment\",\"target\":[\"https:\\\/\\\/blog.momoxfashion.com\\\/de\\\/vatermoerder\\\/#respond\"]}]},{\"@type\":\"WebPage\",\"@id\":\"https:\\\/\\\/blog.momoxfashion.com\\\/de\\\/vatermoerder\\\/\",\"url\":\"https:\\\/\\\/blog.momoxfashion.com\\\/de\\\/vatermoerder\\\/\",\"name\":\"Der Vaterm\u00f6rder\",\"isPartOf\":{\"@id\":\"https:\\\/\\\/blog.momoxfashion.com\\\/de\\\/#website\"},\"primaryImageOfPage\":{\"@id\":\"https:\\\/\\\/blog.momoxfashion.com\\\/de\\\/vatermoerder\\\/#primaryimage\"},\"image\":{\"@id\":\"https:\\\/\\\/blog.momoxfashion.com\\\/de\\\/vatermoerder\\\/#primaryimage\"},\"thumbnailUrl\":\"https:\\\/\\\/blog.momoxfashion.com\\\/de\\\/wp-content\\\/uploads\\\/2016\\\/09\\\/vatermo\u0308rder2.jpg\",\"datePublished\":\"2016-09-04T12:00:53+00:00\",\"dateModified\":\"2021-10-25T11:15:15+00:00\",\"author\":{\"@id\":\"https:\\\/\\\/blog.momoxfashion.com\\\/de\\\/#\\\/schema\\\/person\\\/a1e091d79d4cab3dc809c06405da6f0a\"},\"description\":\"Keine neue Tatort-Folge, sondern der Name eines historischen Mode-Accessoires. Was verbirgt sich hinter dem Vaterm\u00f6rder? Mehr erfahren im momox fashion Fashion-Blog.\",\"breadcrumb\":{\"@id\":\"https:\\\/\\\/blog.momoxfashion.com\\\/de\\\/vatermoerder\\\/#breadcrumb\"},\"inLanguage\":\"de\",\"potentialAction\":[{\"@type\":\"ReadAction\",\"target\":[\"https:\\\/\\\/blog.momoxfashion.com\\\/de\\\/vatermoerder\\\/\"]}]},{\"@type\":\"ImageObject\",\"inLanguage\":\"de\",\"@id\":\"https:\\\/\\\/blog.momoxfashion.com\\\/de\\\/vatermoerder\\\/#primaryimage\",\"url\":\"https:\\\/\\\/blog.momoxfashion.com\\\/de\\\/wp-content\\\/uploads\\\/2016\\\/09\\\/vatermo\u0308rder2.jpg\",\"contentUrl\":\"https:\\\/\\\/blog.momoxfashion.com\\\/de\\\/wp-content\\\/uploads\\\/2016\\\/09\\\/vatermo\u0308rder2.jpg\",\"width\":1150,\"height\":863,\"caption\":\"Vatermo\u0308rder 2\"},{\"@type\":\"BreadcrumbList\",\"@id\":\"https:\\\/\\\/blog.momoxfashion.com\\\/de\\\/vatermoerder\\\/#breadcrumb\",\"itemListElement\":[{\"@type\":\"ListItem\",\"position\":1,\"name\":\"Startseite\",\"item\":\"https:\\\/\\\/blog.momoxfashion.com\\\/de\\\/\"},{\"@type\":\"ListItem\",\"position\":2,\"name\":\"Schon gewusst? Der Vaterm\u00f6rder\"}]},{\"@type\":\"WebSite\",\"@id\":\"https:\\\/\\\/blog.momoxfashion.com\\\/de\\\/#website\",\"url\":\"https:\\\/\\\/blog.momoxfashion.com\\\/de\\\/\",\"name\":\"momox fashion Blog\",\"description\":\"Fashion News, Second Hand Trends &amp; Nachhaltigkeit\",\"potentialAction\":[{\"@type\":\"SearchAction\",\"target\":{\"@type\":\"EntryPoint\",\"urlTemplate\":\"https:\\\/\\\/blog.momoxfashion.com\\\/de\\\/?s={search_term_string}\"},\"query-input\":{\"@type\":\"PropertyValueSpecification\",\"valueRequired\":true,\"valueName\":\"search_term_string\"}}],\"inLanguage\":\"de\"},{\"@type\":\"Person\",\"@id\":\"https:\\\/\\\/blog.momoxfashion.com\\\/de\\\/#\\\/schema\\\/person\\\/a1e091d79d4cab3dc809c06405da6f0a\",\"name\":\"Juliane\",\"image\":{\"@type\":\"ImageObject\",\"inLanguage\":\"de\",\"@id\":\"https:\\\/\\\/secure.gravatar.com\\\/avatar\\\/6736b4cbf8990920a6788cece3633ff810e55e7387afdd8a40de7fb3a73c0c6e?s=96&d=wp_user_avatar&r=g\",\"url\":\"https:\\\/\\\/secure.gravatar.com\\\/avatar\\\/6736b4cbf8990920a6788cece3633ff810e55e7387afdd8a40de7fb3a73c0c6e?s=96&d=wp_user_avatar&r=g\",\"contentUrl\":\"https:\\\/\\\/secure.gravatar.com\\\/avatar\\\/6736b4cbf8990920a6788cece3633ff810e55e7387afdd8a40de7fb3a73c0c6e?s=96&d=wp_user_avatar&r=g\",\"caption\":\"Juliane\"},\"description\":\"Mein Name ist Juliane, ich bin seit Januar 2016 Teil von momox fashion und texte f\u00fcr diesen Blog. Hier informiere ich dich \u00fcber aktuelle Fashion-Trends, versorge dich mit Fashion-Tipps f\u00fcr verschiedene Anl\u00e4sse und recherchiere exklusiv f\u00fcr dich Wissenswertes \u00fcber Mode.\",\"sameAs\":[\"https:\\\/\\\/www.momoxfashion.com\\\/de\\\/\"],\"url\":\"https:\\\/\\\/blog.momoxfashion.com\\\/de\\\/author\\\/ubup-team\\\/\"}]}<\/script>\n<!-- \/ Yoast SEO plugin. -->","yoast_head_json":{"title":"Der Vaterm\u00f6rder","description":"Keine neue Tatort-Folge, sondern der Name eines historischen Mode-Accessoires. Was verbirgt sich hinter dem Vaterm\u00f6rder? Mehr erfahren im momox fashion Fashion-Blog.","robots":{"index":"index","follow":"follow","max-snippet":"max-snippet:-1","max-image-preview":"max-image-preview:large","max-video-preview":"max-video-preview:-1"},"canonical":"https:\/\/blog.momoxfashion.com\/de\/vatermoerder\/","og_locale":"de_DE","og_type":"article","og_title":"Der Vaterm\u00f6rder","og_description":"Keine neue Tatort-Folge, sondern der Name eines historischen Mode-Accessoires. Was verbirgt sich hinter dem Vaterm\u00f6rder? Mehr erfahren im momox fashion Fashion-Blog.","og_url":"https:\/\/blog.momoxfashion.com\/de\/vatermoerder\/","og_site_name":"momox fashion Blog","article_publisher":"https:\/\/www.facebook.com\/usedbutprecious\/","article_published_time":"2016-09-04T12:00:53+00:00","article_modified_time":"2021-10-25T11:15:15+00:00","og_image":[{"width":2800,"height":1200,"url":"https:\/\/blog.momoxfashion.com\/de\/wp-content\/uploads\/2016\/08\/Vaterm\u00f6rder2.jpg","type":"image\/jpeg"}],"author":"Juliane","twitter_card":"summary_large_image","twitter_image":"https:\/\/blog.momoxfashion.com\/de\/wp-content\/uploads\/2016\/08\/Vaterm\u00f6rder2.jpg","twitter_creator":"@ubup_team","twitter_site":"@ubup_team","twitter_misc":{"Verfasst von":"Juliane","Gesch\u00e4tzte Lesezeit":"1\u00a0Minute"},"schema":{"@context":"https:\/\/schema.org","@graph":[{"@type":"Article","@id":"https:\/\/blog.momoxfashion.com\/de\/vatermoerder\/#article","isPartOf":{"@id":"https:\/\/blog.momoxfashion.com\/de\/vatermoerder\/"},"author":{"name":"Juliane","@id":"https:\/\/blog.momoxfashion.com\/de\/#\/schema\/person\/a1e091d79d4cab3dc809c06405da6f0a"},"headline":"Schon gewusst? Der Vaterm\u00f6rder","datePublished":"2016-09-04T12:00:53+00:00","dateModified":"2021-10-25T11:15:15+00:00","mainEntityOfPage":{"@id":"https:\/\/blog.momoxfashion.com\/de\/vatermoerder\/"},"wordCount":267,"commentCount":0,"image":{"@id":"https:\/\/blog.momoxfashion.com\/de\/vatermoerder\/#primaryimage"},"thumbnailUrl":"https:\/\/blog.momoxfashion.com\/de\/wp-content\/uploads\/2016\/09\/vatermo\u0308rder2.jpg","keywords":["Lexikon"],"articleSection":["Mode &amp; Trends"],"inLanguage":"de","potentialAction":[{"@type":"CommentAction","name":"Comment","target":["https:\/\/blog.momoxfashion.com\/de\/vatermoerder\/#respond"]}]},{"@type":"WebPage","@id":"https:\/\/blog.momoxfashion.com\/de\/vatermoerder\/","url":"https:\/\/blog.momoxfashion.com\/de\/vatermoerder\/","name":"Der Vaterm\u00f6rder","isPartOf":{"@id":"https:\/\/blog.momoxfashion.com\/de\/#website"},"primaryImageOfPage":{"@id":"https:\/\/blog.momoxfashion.com\/de\/vatermoerder\/#primaryimage"},"image":{"@id":"https:\/\/blog.momoxfashion.com\/de\/vatermoerder\/#primaryimage"},"thumbnailUrl":"https:\/\/blog.momoxfashion.com\/de\/wp-content\/uploads\/2016\/09\/vatermo\u0308rder2.jpg","datePublished":"2016-09-04T12:00:53+00:00","dateModified":"2021-10-25T11:15:15+00:00","author":{"@id":"https:\/\/blog.momoxfashion.com\/de\/#\/schema\/person\/a1e091d79d4cab3dc809c06405da6f0a"},"description":"Keine neue Tatort-Folge, sondern der Name eines historischen Mode-Accessoires. Was verbirgt sich hinter dem Vaterm\u00f6rder? Mehr erfahren im momox fashion Fashion-Blog.","breadcrumb":{"@id":"https:\/\/blog.momoxfashion.com\/de\/vatermoerder\/#breadcrumb"},"inLanguage":"de","potentialAction":[{"@type":"ReadAction","target":["https:\/\/blog.momoxfashion.com\/de\/vatermoerder\/"]}]},{"@type":"ImageObject","inLanguage":"de","@id":"https:\/\/blog.momoxfashion.com\/de\/vatermoerder\/#primaryimage","url":"https:\/\/blog.momoxfashion.com\/de\/wp-content\/uploads\/2016\/09\/vatermo\u0308rder2.jpg","contentUrl":"https:\/\/blog.momoxfashion.com\/de\/wp-content\/uploads\/2016\/09\/vatermo\u0308rder2.jpg","width":1150,"height":863,"caption":"Vatermo\u0308rder 2"},{"@type":"BreadcrumbList","@id":"https:\/\/blog.momoxfashion.com\/de\/vatermoerder\/#breadcrumb","itemListElement":[{"@type":"ListItem","position":1,"name":"Startseite","item":"https:\/\/blog.momoxfashion.com\/de\/"},{"@type":"ListItem","position":2,"name":"Schon gewusst? Der Vaterm\u00f6rder"}]},{"@type":"WebSite","@id":"https:\/\/blog.momoxfashion.com\/de\/#website","url":"https:\/\/blog.momoxfashion.com\/de\/","name":"momox fashion Blog","description":"Fashion News, Second Hand Trends &amp; Nachhaltigkeit","potentialAction":[{"@type":"SearchAction","target":{"@type":"EntryPoint","urlTemplate":"https:\/\/blog.momoxfashion.com\/de\/?s={search_term_string}"},"query-input":{"@type":"PropertyValueSpecification","valueRequired":true,"valueName":"search_term_string"}}],"inLanguage":"de"},{"@type":"Person","@id":"https:\/\/blog.momoxfashion.com\/de\/#\/schema\/person\/a1e091d79d4cab3dc809c06405da6f0a","name":"Juliane","image":{"@type":"ImageObject","inLanguage":"de","@id":"https:\/\/secure.gravatar.com\/avatar\/6736b4cbf8990920a6788cece3633ff810e55e7387afdd8a40de7fb3a73c0c6e?s=96&d=wp_user_avatar&r=g","url":"https:\/\/secure.gravatar.com\/avatar\/6736b4cbf8990920a6788cece3633ff810e55e7387afdd8a40de7fb3a73c0c6e?s=96&d=wp_user_avatar&r=g","contentUrl":"https:\/\/secure.gravatar.com\/avatar\/6736b4cbf8990920a6788cece3633ff810e55e7387afdd8a40de7fb3a73c0c6e?s=96&d=wp_user_avatar&r=g","caption":"Juliane"},"description":"Mein Name ist Juliane, ich bin seit Januar 2016 Teil von momox fashion und texte f\u00fcr diesen Blog. Hier informiere ich dich \u00fcber aktuelle Fashion-Trends, versorge dich mit Fashion-Tipps f\u00fcr verschiedene Anl\u00e4sse und recherchiere exklusiv f\u00fcr dich Wissenswertes \u00fcber Mode.","sameAs":["https:\/\/www.momoxfashion.com\/de\/"],"url":"https:\/\/blog.momoxfashion.com\/de\/author\/ubup-team\/"}]}},"_links":{"self":[{"href":"https:\/\/blog.momoxfashion.com\/de\/wp-json\/wp\/v2\/posts\/463","targetHints":{"allow":["GET"]}}],"collection":[{"href":"https:\/\/blog.momoxfashion.com\/de\/wp-json\/wp\/v2\/posts"}],"about":[{"href":"https:\/\/blog.momoxfashion.com\/de\/wp-json\/wp\/v2\/types\/post"}],"author":[{"embeddable":true,"href":"https:\/\/blog.momoxfashion.com\/de\/wp-json\/wp\/v2\/users\/2"}],"replies":[{"embeddable":true,"href":"https:\/\/blog.momoxfashion.com\/de\/wp-json\/wp\/v2\/comments?post=463"}],"version-history":[{"count":11,"href":"https:\/\/blog.momoxfashion.com\/de\/wp-json\/wp\/v2\/posts\/463\/revisions"}],"predecessor-version":[{"id":6159,"href":"https:\/\/blog.momoxfashion.com\/de\/wp-json\/wp\/v2\/posts\/463\/revisions\/6159"}],"wp:featuredmedia":[{"embeddable":true,"href":"https:\/\/blog.momoxfashion.com\/de\/wp-json\/wp\/v2\/media\/1884"}],"wp:attachment":[{"href":"https:\/\/blog.momoxfashion.com\/de\/wp-json\/wp\/v2\/media?parent=463"}],"wp:term":[{"taxonomy":"category","embeddable":true,"href":"https:\/\/blog.momoxfashion.com\/de\/wp-json\/wp\/v2\/categories?post=463"},{"taxonomy":"post_tag","embeddable":true,"href":"https:\/\/blog.momoxfashion.com\/de\/wp-json\/wp\/v2\/tags?post=463"}],"curies":[{"name":"wp","href":"https:\/\/api.w.org\/{rel}","templated":true}]}}