{"id":526,"date":"2016-10-01T14:00:22","date_gmt":"2016-10-01T12:00:22","guid":{"rendered":"http:\/\/blog.ubup.com\/?p=526"},"modified":"2021-10-29T09:53:47","modified_gmt":"2021-10-29T07:53:47","slug":"mode","status":"publish","type":"post","link":"https:\/\/blog.momoxfashion.com\/de\/mode\/","title":{"rendered":"Ist das die neuste Mode? Von wegen!"},"content":{"rendered":"<p>Die Fashion Weeks lehren uns Jahr um Jahr, was Mode ist und was nicht. Doch wei\u00df eigentlich irgendjemand der gro\u00dfen Modesch\u00f6pfer, was Mode WIRKLICH ist und woher sie kommt? Wir schon. Los geht\u00b4s.<\/p>\n<h1>Die Herkunft der Mode<\/h1>\n<figure id=\"attachment_531\" aria-describedby=\"caption-attachment-531\" style=\"width: 280px\" class=\"wp-caption alignleft\"><img loading=\"lazy\" decoding=\"async\" class=\"wp-image-531\" title=\"Dame am Spinett (1630-1640)\" src=\"https:\/\/blog.momoxfashion.com\/de\/wp-content\/uploads\/2016\/10\/Molenaer_Spinet_Player_1640-110x150.jpg\" alt=\"Mode um 1640\" width=\"280\" height=\"383\" srcset=\"https:\/\/blog.momoxfashion.com\/de\/wp-content\/uploads\/2016\/10\/Molenaer_Spinet_Player_1640-110x150.jpg 110w, https:\/\/blog.momoxfashion.com\/de\/wp-content\/uploads\/2016\/10\/Molenaer_Spinet_Player_1640-500x684.jpg 500w, https:\/\/blog.momoxfashion.com\/de\/wp-content\/uploads\/2016\/10\/Molenaer_Spinet_Player_1640-293x400.jpg 293w, https:\/\/blog.momoxfashion.com\/de\/wp-content\/uploads\/2016\/10\/Molenaer_Spinet_Player_1640.jpg 749w\" sizes=\"auto, (max-width: 280px) 100vw, 280px\" \/><figcaption id=\"caption-attachment-531\" class=\"wp-caption-text\">Dame am Spinett (1630-1640), Quelle: Wikipedia &#8222;Dame am Spinett&#8220; (21.09.2016), Maler: Jan Miense Molenaer<\/figcaption><\/figure>\n<p>Das <a href=\"http:\/\/woerterbuchnetz.de\/DWB\/?sigle=DWB&amp;mode=Vernetzung&amp;lemid=GM06412#XGM06412\" target=\"_blank\" rel=\"noopener noreferrer\">Grimmsche W\u00f6rterbuch<\/a> gibt an, der Begriff \u201eMode\u201c (vermutlich vom Lateinischen \u201emodus\u201c f\u00fcr \u201eArt und Weise\u201c) tauche im 15. Jahrhundert zuerst im Franz\u00f6sischen auf. Gemeint sei damit \u201edie dem wechselnden Geschmack unterworfene Art sich zu kleiden\u201c. Bereits im 16. Jahrhundert habe sich eine Abwandlung des franz\u00f6sischen Begriffs in den Niederlanden durchgesetzt.<\/p>\n<p>Frankreich gewann im Laufe der Zeit mehr und mehr an Bedeutung: In der 1. H\u00e4lfte des 17. Jahrhunderts war der absolutistische Staat zu einer Gro\u00dfmacht avanciert, die auch den Ton in Sachen Kultur angab. Alle Herrscher Europas eiferten dem franz\u00f6sischen Vorbild nach. Im Heiligen R\u00f6mischen Reich Deutscher Nation wurde ab circa 1628\/1630 von Kleidung \u201e\u00e0 la mode\u201c gesprochen und damit vor allem eine \u00dcbertreibung der franz\u00f6sischen Mode bezeichnet: Vereinzelte Flugbl\u00e4tter richteten sich sogar voller Spott gegen neuartige Ausw\u00fcchse der gewohnten franz\u00f6sischen Tracht.<\/p>\n<p>Es gab sie also von Anfang an: Die begeisterten Modefans und die Trendgegner, die mit M\u00fch und Not versuchten, jede Art von modischer Kreativit\u00e4t zu verhindern.<\/p>\n<h2>Gegen die Mode der Zeit<\/h2>\n<p>Ein Versuch, modische Neuerungen zu unterbinden, waren die sogenannten Kleiderordnungen. Bereits vor der Entstehung des Wortes \u201eMode\u201c \u2013 vom Altertum bis Ende des 18. Jahrhunderts \u2013 wurde der modische Alltag von Gesetzen und Vorstellungen einiger Weniger geregelt. In erster Linie dienten diese Kleiderordnungen der optischen Unterstreichung der vorgegebenen Standesunterschiede sowie der Umsetzung christlicher und moralischer Werte. Durch die teilweise rigiden Verbote und Vorschriften wurde jedoch gleichzeitig auch die Mode der Zeit bestimmt. Eine Kleiderordnung von 1356 legte so beispielsweise fest, dass Frauen in Speyer kein lang herabfallendes, offenes Haar tragen durften.<\/p>\n<figure id=\"attachment_532\" aria-describedby=\"caption-attachment-532\" style=\"width: 400px\" class=\"wp-caption alignright\"><img loading=\"lazy\" decoding=\"async\" class=\"wp-image-532 size-large\" title=\"&quot;Gesch\u00e4rftes Edict in Betref der Kleider-Ordnung&quot; \" src=\"https:\/\/blog.momoxfashion.com\/de\/wp-content\/uploads\/2016\/10\/Kleiderordnung_Arensberg_6._September_1765-400x313.jpg\" alt=\"Kleiderordnung, Arensberg 6. September 1765\" width=\"400\" height=\"313\" srcset=\"https:\/\/blog.momoxfashion.com\/de\/wp-content\/uploads\/2016\/10\/Kleiderordnung_Arensberg_6._September_1765-400x313.jpg 400w, https:\/\/blog.momoxfashion.com\/de\/wp-content\/uploads\/2016\/10\/Kleiderordnung_Arensberg_6._September_1765-150x117.jpg 150w, https:\/\/blog.momoxfashion.com\/de\/wp-content\/uploads\/2016\/10\/Kleiderordnung_Arensberg_6._September_1765-500x392.jpg 500w, https:\/\/blog.momoxfashion.com\/de\/wp-content\/uploads\/2016\/10\/Kleiderordnung_Arensberg_6._September_1765-800x627.jpg 800w, https:\/\/blog.momoxfashion.com\/de\/wp-content\/uploads\/2016\/10\/Kleiderordnung_Arensberg_6._September_1765.jpg 1024w\" sizes=\"auto, (max-width: 400px) 100vw, 400px\" \/><figcaption id=\"caption-attachment-532\" class=\"wp-caption-text\">&#8222;Gesch\u00e4rftes Edict in Betref der Kleider-Ordnung&#8220; Arensberg 6. September 1765, Quelle: Wikipedia &#8222;Kleiderordnung&#8220; (21.09.2016), Maximilian Friderich, Erz-Bischof zu C\u00f6lln<\/figcaption><\/figure>\n<p>Nein, Speyer ist keine Stadt im Nahen Osten. Vielleicht sollten wir uns bei manchen Diskussionen der heutigen Zeit doch einmal kurz auf unsere eigene Vergangenheit besinnen, als Frauen noch \u201eunter die Haube\u201c kamen und als Verheiratete ihr Kopfhaar zu bedecken hatten, weil dies sonst als zu aufreizend galt. Ja, die Modepolizei von damals hatte klare Vorstellungen, doch nat\u00fcrlich gab es auch schon damals echte Rebellen: keine Regel ohne Verst\u00f6\u00dfe.<\/p>\n<p>Und heute? Kleiderordnungen sind mit der strengen Aufteilung der Gesellschaft verschwunden. Oder doch nicht?<\/p>\n<p>Schon mal versucht, mit Jeans und Schlapper-Shirt in den neuen Schickimicki-Club in der City zu kommen?<\/p>\n<h3>Warum denn der ganze (Mode)Zirkus?!<\/h3>\n<p>Das Bemalen, Bekleiden und Schm\u00fccken des eigenen K\u00f6rpers ist ein Urtrieb der Menschen: Der Drang nach Geltung, Nachahmung, Imponieren und Schmuck ist urspr\u00fcnglich. Der Mensch ist kein Einzelwesen und daher in hohem Ma\u00dfe daran interessiert, seine sozialen und im Lauf der Geschichte zunehmend finanziellen Unterschiede zum Gegen\u00fcber hervorzuheben. Durch Mode bzw. Kleidung wird der Zeitgeschmack eines Selbst und einer Gruppe von Individuen ausgedr\u00fcckt. Als Schutz gegen die Natur war Mode eigentlich nicht zwingend n\u00f6tig, da der Mensch dieser einst sehr gut angepasst war. (Quelle: Ingrid Loschek, Reclams Mode- und Kost\u00fcmlexikon, 2011)<\/p>\n<p>Es ist, wie es ist: Wir sind alle eitel und dr\u00fccken \u00fcber unsere Mode eine bestimmte Lebens- und Denkweise aus. Hei\u00dft also: Zeig mir deinen <a href=\"https:\/\/www.momoxfashion.com\/de\/damen\/bekleidung\/pullover-strickjacken\" target=\"_blank\" rel=\"noopener noreferrer\">Pulli<\/a> und ich sage dir, wer du bist.<\/p>\n<p><span style=\"border-radius: 2px; text-indent: 20px; width: auto; padding: 0px 4px 0px 0px; text-align: center; font: bold 11px\/20px 'Helvetica Neue',Helvetica,sans-serif; color: #ffffff; background: #bd081c no-repeat scroll 3px 50% \/ 14px 14px; position: absolute; opacity: 1; z-index: 8675309; display: none; cursor: pointer;\">Merken<\/span><\/p>\n<p><span style=\"border-radius: 2px; text-indent: 20px; width: auto; padding: 0px 4px 0px 0px; text-align: center; font: bold 11px\/20px 'Helvetica Neue',Helvetica,sans-serif; color: #ffffff; background: #bd081c no-repeat scroll 3px 50% \/ 14px 14px; position: absolute; opacity: 1; z-index: 8675309; display: none; cursor: pointer;\">Merken<\/span><\/p>\n<p><span style=\"border-radius: 2px; text-indent: 20px; width: auto; padding: 0px 4px 0px 0px; text-align: center; font: bold 11px\/20px 'Helvetica Neue',Helvetica,sans-serif; color: #ffffff; background: #bd081c no-repeat scroll 3px 50% \/ 14px 14px; position: absolute; opacity: 1; z-index: 8675309; display: none; cursor: pointer; top: 643px; left: 999px;\">Merken<\/span><\/p>\n","protected":false},"excerpt":{"rendered":"<p>Die Fashion Weeks lehren uns Jahr um Jahr, was Mode ist und was nicht. Doch wei\u00df eigentlich irgendjemand der gro\u00dfen Modesch\u00f6pfer, was Mode WIRKLICH ist und woher sie kommt? Wir schon. Los geht\u00b4s. Die Herkunft der Mode Das Grimmsche W\u00f6rterbuch gibt an, der Begriff \u201eMode\u201c (vermutlich vom Lateinischen \u201emodus\u201c f\u00fcr \u201eArt und Weise\u201c) tauche im [&hellip;]<\/p>\n","protected":false},"author":2,"featured_media":1882,"comment_status":"open","ping_status":"open","sticky":false,"template":"","format":"standard","meta":{"_acf_changed":false,"footnotes":""},"categories":[12],"tags":[57],"class_list":["post-526","post","type-post","status-publish","format-standard","has-post-thumbnail","hentry","category-mode_trends","tag-lexikon"],"acf":[],"yoast_head":"<!-- This site is optimized with the Yoast SEO plugin v27.3 - https:\/\/yoast.com\/product\/yoast-seo-wordpress\/ -->\n<title>Ist das die neuste Mode? Von wegen!<\/title>\n<meta name=\"description\" content=\"\u00dcber die Entstehung eines hei\u00df geliebten und oft verspotteten Begriffs. Was bedeutet &quot;Mode&quot; &amp; was soll der ganze (Mode)Zirkus? Ein Beitrag im ubup-Fashionblog.\" \/>\n<meta name=\"robots\" content=\"index, follow, max-snippet:-1, max-image-preview:large, max-video-preview:-1\" \/>\n<link rel=\"canonical\" href=\"https:\/\/blog.momoxfashion.com\/de\/mode\/\" \/>\n<meta property=\"og:locale\" content=\"de_DE\" \/>\n<meta property=\"og:type\" content=\"article\" \/>\n<meta property=\"og:title\" content=\"Ist das die neuste Mode? Von wegen!\" \/>\n<meta property=\"og:description\" content=\"\u00dcber die Entstehung eines hei\u00df geliebten und oft verspotteten Begriffs. Was bedeutet &quot;Mode&quot; &amp; was soll der ganze (Mode)Zirkus? Ein Beitrag im ubup-Fashionblog.\" \/>\n<meta property=\"og:url\" content=\"https:\/\/blog.momoxfashion.com\/de\/mode\/\" \/>\n<meta property=\"og:site_name\" content=\"momox fashion Blog\" \/>\n<meta property=\"article:publisher\" content=\"https:\/\/www.facebook.com\/usedbutprecious\/\" \/>\n<meta property=\"article:published_time\" content=\"2016-10-01T12:00:22+00:00\" \/>\n<meta property=\"article:modified_time\" content=\"2021-10-29T07:53:47+00:00\" \/>\n<meta property=\"og:image\" content=\"https:\/\/blog.momoxfashion.com\/de\/wp-content\/uploads\/2016\/10\/cropped-Mode.jpg\" \/>\n\t<meta property=\"og:image:width\" content=\"1920\" \/>\n\t<meta property=\"og:image:height\" content=\"850\" \/>\n\t<meta property=\"og:image:type\" content=\"image\/jpeg\" \/>\n<meta name=\"author\" content=\"Juliane\" \/>\n<meta name=\"twitter:card\" content=\"summary_large_image\" \/>\n<meta name=\"twitter:image\" content=\"https:\/\/blog.momoxfashion.com\/de\/wp-content\/uploads\/2016\/10\/cropped-Mode.jpg\" \/>\n<meta name=\"twitter:creator\" content=\"@ubup_team\" \/>\n<meta name=\"twitter:site\" content=\"@ubup_team\" \/>\n<meta name=\"twitter:label1\" content=\"Verfasst von\" \/>\n\t<meta name=\"twitter:data1\" content=\"Juliane\" \/>\n\t<meta name=\"twitter:label2\" content=\"Gesch\u00e4tzte Lesezeit\" \/>\n\t<meta name=\"twitter:data2\" content=\"3\u00a0Minuten\" \/>\n<script type=\"application\/ld+json\" class=\"yoast-schema-graph\">{\"@context\":\"https:\\\/\\\/schema.org\",\"@graph\":[{\"@type\":\"Article\",\"@id\":\"https:\\\/\\\/blog.momoxfashion.com\\\/de\\\/mode\\\/#article\",\"isPartOf\":{\"@id\":\"https:\\\/\\\/blog.momoxfashion.com\\\/de\\\/mode\\\/\"},\"author\":{\"name\":\"Juliane\",\"@id\":\"https:\\\/\\\/blog.momoxfashion.com\\\/de\\\/#\\\/schema\\\/person\\\/a1e091d79d4cab3dc809c06405da6f0a\"},\"headline\":\"Ist das die neuste Mode? Von wegen!\",\"datePublished\":\"2016-10-01T12:00:22+00:00\",\"dateModified\":\"2021-10-29T07:53:47+00:00\",\"mainEntityOfPage\":{\"@id\":\"https:\\\/\\\/blog.momoxfashion.com\\\/de\\\/mode\\\/\"},\"wordCount\":594,\"commentCount\":0,\"image\":{\"@id\":\"https:\\\/\\\/blog.momoxfashion.com\\\/de\\\/mode\\\/#primaryimage\"},\"thumbnailUrl\":\"https:\\\/\\\/blog.momoxfashion.com\\\/de\\\/wp-content\\\/uploads\\\/2016\\\/10\\\/Mode-2.jpg\",\"keywords\":[\"Lexikon\"],\"articleSection\":[\"Mode &amp; Trends\"],\"inLanguage\":\"de\",\"potentialAction\":[{\"@type\":\"CommentAction\",\"name\":\"Comment\",\"target\":[\"https:\\\/\\\/blog.momoxfashion.com\\\/de\\\/mode\\\/#respond\"]}]},{\"@type\":\"WebPage\",\"@id\":\"https:\\\/\\\/blog.momoxfashion.com\\\/de\\\/mode\\\/\",\"url\":\"https:\\\/\\\/blog.momoxfashion.com\\\/de\\\/mode\\\/\",\"name\":\"Ist das die neuste Mode? Von wegen!\",\"isPartOf\":{\"@id\":\"https:\\\/\\\/blog.momoxfashion.com\\\/de\\\/#website\"},\"primaryImageOfPage\":{\"@id\":\"https:\\\/\\\/blog.momoxfashion.com\\\/de\\\/mode\\\/#primaryimage\"},\"image\":{\"@id\":\"https:\\\/\\\/blog.momoxfashion.com\\\/de\\\/mode\\\/#primaryimage\"},\"thumbnailUrl\":\"https:\\\/\\\/blog.momoxfashion.com\\\/de\\\/wp-content\\\/uploads\\\/2016\\\/10\\\/Mode-2.jpg\",\"datePublished\":\"2016-10-01T12:00:22+00:00\",\"dateModified\":\"2021-10-29T07:53:47+00:00\",\"author\":{\"@id\":\"https:\\\/\\\/blog.momoxfashion.com\\\/de\\\/#\\\/schema\\\/person\\\/a1e091d79d4cab3dc809c06405da6f0a\"},\"description\":\"\u00dcber die Entstehung eines hei\u00df geliebten und oft verspotteten Begriffs. Was bedeutet \\\"Mode\\\" & was soll der ganze (Mode)Zirkus? Ein Beitrag im ubup-Fashionblog.\",\"breadcrumb\":{\"@id\":\"https:\\\/\\\/blog.momoxfashion.com\\\/de\\\/mode\\\/#breadcrumb\"},\"inLanguage\":\"de\",\"potentialAction\":[{\"@type\":\"ReadAction\",\"target\":[\"https:\\\/\\\/blog.momoxfashion.com\\\/de\\\/mode\\\/\"]}]},{\"@type\":\"ImageObject\",\"inLanguage\":\"de\",\"@id\":\"https:\\\/\\\/blog.momoxfashion.com\\\/de\\\/mode\\\/#primaryimage\",\"url\":\"https:\\\/\\\/blog.momoxfashion.com\\\/de\\\/wp-content\\\/uploads\\\/2016\\\/10\\\/Mode-2.jpg\",\"contentUrl\":\"https:\\\/\\\/blog.momoxfashion.com\\\/de\\\/wp-content\\\/uploads\\\/2016\\\/10\\\/Mode-2.jpg\",\"width\":1150,\"height\":864,\"caption\":\"Mode\"},{\"@type\":\"BreadcrumbList\",\"@id\":\"https:\\\/\\\/blog.momoxfashion.com\\\/de\\\/mode\\\/#breadcrumb\",\"itemListElement\":[{\"@type\":\"ListItem\",\"position\":1,\"name\":\"Startseite\",\"item\":\"https:\\\/\\\/blog.momoxfashion.com\\\/de\\\/\"},{\"@type\":\"ListItem\",\"position\":2,\"name\":\"Ist das die neuste Mode? Von wegen!\"}]},{\"@type\":\"WebSite\",\"@id\":\"https:\\\/\\\/blog.momoxfashion.com\\\/de\\\/#website\",\"url\":\"https:\\\/\\\/blog.momoxfashion.com\\\/de\\\/\",\"name\":\"momox fashion Blog\",\"description\":\"Fashion News, Second Hand Trends &amp; Nachhaltigkeit\",\"potentialAction\":[{\"@type\":\"SearchAction\",\"target\":{\"@type\":\"EntryPoint\",\"urlTemplate\":\"https:\\\/\\\/blog.momoxfashion.com\\\/de\\\/?s={search_term_string}\"},\"query-input\":{\"@type\":\"PropertyValueSpecification\",\"valueRequired\":true,\"valueName\":\"search_term_string\"}}],\"inLanguage\":\"de\"},{\"@type\":\"Person\",\"@id\":\"https:\\\/\\\/blog.momoxfashion.com\\\/de\\\/#\\\/schema\\\/person\\\/a1e091d79d4cab3dc809c06405da6f0a\",\"name\":\"Juliane\",\"image\":{\"@type\":\"ImageObject\",\"inLanguage\":\"de\",\"@id\":\"https:\\\/\\\/secure.gravatar.com\\\/avatar\\\/6736b4cbf8990920a6788cece3633ff810e55e7387afdd8a40de7fb3a73c0c6e?s=96&d=wp_user_avatar&r=g\",\"url\":\"https:\\\/\\\/secure.gravatar.com\\\/avatar\\\/6736b4cbf8990920a6788cece3633ff810e55e7387afdd8a40de7fb3a73c0c6e?s=96&d=wp_user_avatar&r=g\",\"contentUrl\":\"https:\\\/\\\/secure.gravatar.com\\\/avatar\\\/6736b4cbf8990920a6788cece3633ff810e55e7387afdd8a40de7fb3a73c0c6e?s=96&d=wp_user_avatar&r=g\",\"caption\":\"Juliane\"},\"description\":\"Mein Name ist Juliane, ich bin seit Januar 2016 Teil von momox fashion und texte f\u00fcr diesen Blog. Hier informiere ich dich \u00fcber aktuelle Fashion-Trends, versorge dich mit Fashion-Tipps f\u00fcr verschiedene Anl\u00e4sse und recherchiere exklusiv f\u00fcr dich Wissenswertes \u00fcber Mode.\",\"sameAs\":[\"https:\\\/\\\/www.momoxfashion.com\\\/de\\\/\"],\"url\":\"https:\\\/\\\/blog.momoxfashion.com\\\/de\\\/author\\\/ubup-team\\\/\"}]}<\/script>\n<!-- \/ Yoast SEO plugin. -->","yoast_head_json":{"title":"Ist das die neuste Mode? Von wegen!","description":"\u00dcber die Entstehung eines hei\u00df geliebten und oft verspotteten Begriffs. Was bedeutet \"Mode\" & was soll der ganze (Mode)Zirkus? Ein Beitrag im ubup-Fashionblog.","robots":{"index":"index","follow":"follow","max-snippet":"max-snippet:-1","max-image-preview":"max-image-preview:large","max-video-preview":"max-video-preview:-1"},"canonical":"https:\/\/blog.momoxfashion.com\/de\/mode\/","og_locale":"de_DE","og_type":"article","og_title":"Ist das die neuste Mode? Von wegen!","og_description":"\u00dcber die Entstehung eines hei\u00df geliebten und oft verspotteten Begriffs. Was bedeutet \"Mode\" & was soll der ganze (Mode)Zirkus? Ein Beitrag im ubup-Fashionblog.","og_url":"https:\/\/blog.momoxfashion.com\/de\/mode\/","og_site_name":"momox fashion Blog","article_publisher":"https:\/\/www.facebook.com\/usedbutprecious\/","article_published_time":"2016-10-01T12:00:22+00:00","article_modified_time":"2021-10-29T07:53:47+00:00","og_image":[{"width":1920,"height":850,"url":"https:\/\/blog.momoxfashion.com\/de\/wp-content\/uploads\/2016\/10\/cropped-Mode.jpg","type":"image\/jpeg"}],"author":"Juliane","twitter_card":"summary_large_image","twitter_image":"https:\/\/blog.momoxfashion.com\/de\/wp-content\/uploads\/2016\/10\/cropped-Mode.jpg","twitter_creator":"@ubup_team","twitter_site":"@ubup_team","twitter_misc":{"Verfasst von":"Juliane","Gesch\u00e4tzte Lesezeit":"3\u00a0Minuten"},"schema":{"@context":"https:\/\/schema.org","@graph":[{"@type":"Article","@id":"https:\/\/blog.momoxfashion.com\/de\/mode\/#article","isPartOf":{"@id":"https:\/\/blog.momoxfashion.com\/de\/mode\/"},"author":{"name":"Juliane","@id":"https:\/\/blog.momoxfashion.com\/de\/#\/schema\/person\/a1e091d79d4cab3dc809c06405da6f0a"},"headline":"Ist das die neuste Mode? Von wegen!","datePublished":"2016-10-01T12:00:22+00:00","dateModified":"2021-10-29T07:53:47+00:00","mainEntityOfPage":{"@id":"https:\/\/blog.momoxfashion.com\/de\/mode\/"},"wordCount":594,"commentCount":0,"image":{"@id":"https:\/\/blog.momoxfashion.com\/de\/mode\/#primaryimage"},"thumbnailUrl":"https:\/\/blog.momoxfashion.com\/de\/wp-content\/uploads\/2016\/10\/Mode-2.jpg","keywords":["Lexikon"],"articleSection":["Mode &amp; Trends"],"inLanguage":"de","potentialAction":[{"@type":"CommentAction","name":"Comment","target":["https:\/\/blog.momoxfashion.com\/de\/mode\/#respond"]}]},{"@type":"WebPage","@id":"https:\/\/blog.momoxfashion.com\/de\/mode\/","url":"https:\/\/blog.momoxfashion.com\/de\/mode\/","name":"Ist das die neuste Mode? Von wegen!","isPartOf":{"@id":"https:\/\/blog.momoxfashion.com\/de\/#website"},"primaryImageOfPage":{"@id":"https:\/\/blog.momoxfashion.com\/de\/mode\/#primaryimage"},"image":{"@id":"https:\/\/blog.momoxfashion.com\/de\/mode\/#primaryimage"},"thumbnailUrl":"https:\/\/blog.momoxfashion.com\/de\/wp-content\/uploads\/2016\/10\/Mode-2.jpg","datePublished":"2016-10-01T12:00:22+00:00","dateModified":"2021-10-29T07:53:47+00:00","author":{"@id":"https:\/\/blog.momoxfashion.com\/de\/#\/schema\/person\/a1e091d79d4cab3dc809c06405da6f0a"},"description":"\u00dcber die Entstehung eines hei\u00df geliebten und oft verspotteten Begriffs. Was bedeutet \"Mode\" & was soll der ganze (Mode)Zirkus? Ein Beitrag im ubup-Fashionblog.","breadcrumb":{"@id":"https:\/\/blog.momoxfashion.com\/de\/mode\/#breadcrumb"},"inLanguage":"de","potentialAction":[{"@type":"ReadAction","target":["https:\/\/blog.momoxfashion.com\/de\/mode\/"]}]},{"@type":"ImageObject","inLanguage":"de","@id":"https:\/\/blog.momoxfashion.com\/de\/mode\/#primaryimage","url":"https:\/\/blog.momoxfashion.com\/de\/wp-content\/uploads\/2016\/10\/Mode-2.jpg","contentUrl":"https:\/\/blog.momoxfashion.com\/de\/wp-content\/uploads\/2016\/10\/Mode-2.jpg","width":1150,"height":864,"caption":"Mode"},{"@type":"BreadcrumbList","@id":"https:\/\/blog.momoxfashion.com\/de\/mode\/#breadcrumb","itemListElement":[{"@type":"ListItem","position":1,"name":"Startseite","item":"https:\/\/blog.momoxfashion.com\/de\/"},{"@type":"ListItem","position":2,"name":"Ist das die neuste Mode? Von wegen!"}]},{"@type":"WebSite","@id":"https:\/\/blog.momoxfashion.com\/de\/#website","url":"https:\/\/blog.momoxfashion.com\/de\/","name":"momox fashion Blog","description":"Fashion News, Second Hand Trends &amp; Nachhaltigkeit","potentialAction":[{"@type":"SearchAction","target":{"@type":"EntryPoint","urlTemplate":"https:\/\/blog.momoxfashion.com\/de\/?s={search_term_string}"},"query-input":{"@type":"PropertyValueSpecification","valueRequired":true,"valueName":"search_term_string"}}],"inLanguage":"de"},{"@type":"Person","@id":"https:\/\/blog.momoxfashion.com\/de\/#\/schema\/person\/a1e091d79d4cab3dc809c06405da6f0a","name":"Juliane","image":{"@type":"ImageObject","inLanguage":"de","@id":"https:\/\/secure.gravatar.com\/avatar\/6736b4cbf8990920a6788cece3633ff810e55e7387afdd8a40de7fb3a73c0c6e?s=96&d=wp_user_avatar&r=g","url":"https:\/\/secure.gravatar.com\/avatar\/6736b4cbf8990920a6788cece3633ff810e55e7387afdd8a40de7fb3a73c0c6e?s=96&d=wp_user_avatar&r=g","contentUrl":"https:\/\/secure.gravatar.com\/avatar\/6736b4cbf8990920a6788cece3633ff810e55e7387afdd8a40de7fb3a73c0c6e?s=96&d=wp_user_avatar&r=g","caption":"Juliane"},"description":"Mein Name ist Juliane, ich bin seit Januar 2016 Teil von momox fashion und texte f\u00fcr diesen Blog. Hier informiere ich dich \u00fcber aktuelle Fashion-Trends, versorge dich mit Fashion-Tipps f\u00fcr verschiedene Anl\u00e4sse und recherchiere exklusiv f\u00fcr dich Wissenswertes \u00fcber Mode.","sameAs":["https:\/\/www.momoxfashion.com\/de\/"],"url":"https:\/\/blog.momoxfashion.com\/de\/author\/ubup-team\/"}]}},"_links":{"self":[{"href":"https:\/\/blog.momoxfashion.com\/de\/wp-json\/wp\/v2\/posts\/526","targetHints":{"allow":["GET"]}}],"collection":[{"href":"https:\/\/blog.momoxfashion.com\/de\/wp-json\/wp\/v2\/posts"}],"about":[{"href":"https:\/\/blog.momoxfashion.com\/de\/wp-json\/wp\/v2\/types\/post"}],"author":[{"embeddable":true,"href":"https:\/\/blog.momoxfashion.com\/de\/wp-json\/wp\/v2\/users\/2"}],"replies":[{"embeddable":true,"href":"https:\/\/blog.momoxfashion.com\/de\/wp-json\/wp\/v2\/comments?post=526"}],"version-history":[{"count":15,"href":"https:\/\/blog.momoxfashion.com\/de\/wp-json\/wp\/v2\/posts\/526\/revisions"}],"predecessor-version":[{"id":6293,"href":"https:\/\/blog.momoxfashion.com\/de\/wp-json\/wp\/v2\/posts\/526\/revisions\/6293"}],"wp:featuredmedia":[{"embeddable":true,"href":"https:\/\/blog.momoxfashion.com\/de\/wp-json\/wp\/v2\/media\/1882"}],"wp:attachment":[{"href":"https:\/\/blog.momoxfashion.com\/de\/wp-json\/wp\/v2\/media?parent=526"}],"wp:term":[{"taxonomy":"category","embeddable":true,"href":"https:\/\/blog.momoxfashion.com\/de\/wp-json\/wp\/v2\/categories?post=526"},{"taxonomy":"post_tag","embeddable":true,"href":"https:\/\/blog.momoxfashion.com\/de\/wp-json\/wp\/v2\/tags?post=526"}],"curies":[{"name":"wp","href":"https:\/\/api.w.org\/{rel}","templated":true}]}}