{"id":6498,"date":"2022-02-17T10:59:45","date_gmt":"2022-02-17T09:59:45","guid":{"rendered":"https:\/\/blog.momoxfashion.com\/de\/?p=6498"},"modified":"2022-02-17T11:06:56","modified_gmt":"2022-02-17T10:06:56","slug":"trendfarbe-2022-very-peri","status":"publish","type":"post","link":"https:\/\/blog.momoxfashion.com\/de\/trendfarbe-2022-very-peri\/","title":{"rendered":"Die Trendfarbe des Jahres 2022 &#8222;Very Peri&#8220;"},"content":{"rendered":"<h2>Very Peri: Trendfarbe 2022 symbolisiert den globalen Zeitgeist<\/h2>\n<p><span style=\"font-weight: 400;\">Kennst du schon die Trendfarbe des Jahres? Ihr Name d\u00fcrfte sich in deinem Ged\u00e4chtnis einpr\u00e4gen: Very Peri. Der sanfte Blauton kommt mit einer r\u00f6tlich-violetten Farbnuance daher. Und hat in der Fashion-Welt bereits voll eingeschlagen. Die komplett neue Farbe wurde von dem amerikanischen Unternehmen Pantone entwickelt. Das Farbinstitut ist verantwortlich f\u00fcr unser heute international verbreitetes Farbsystem und ruft schon seit \u00fcber zwei Jahrzehnten die Trendfarbe des Jahres offiziell aus.<\/span><\/p>\n<p><span style=\"font-weight: 400;\">Diesmal soll die Farbe globale Innovation und Wandel widerspiegeln. Die Best\u00e4ndigkeit von Blau gepaart mit der Energie von Rot deutet auf die Transformation hin, in der wir gerade leben. Aber auch auf die Verschmelzung zwischen der realen und digitalen Welt. Die Farbe wirkt extravagant, lebendig und mutig. Und inspiriert zu jeder Menge Kreativit\u00e4t und Lust auf Neues.<\/span><\/p>\n<h2>Die Farbe der Mode<\/h2>\n<p><span style=\"font-weight: 400;\">Wenn du Second Hand nach dem neuen Farbton suchst, wirst du mit Sicherheit viele Items in der neuen Trendfarbe finden. Du w\u00fcnschst dir noch eine <a href=\"https:\/\/www.momoxfashion.com\/de\/damen\/bekleidung\/westen\/steppwesten\">lange und dicke Steppweste<\/a> oder eine leichte Daunenweste f\u00fcr den Winter? Oder bist schon auf der Suche nach einem Outfit f\u00fcr das Fr\u00fchjahr? Egal, f\u00fcr welche Jahreszeit du planst, in der Trendfarbe Very Peri wird dein Styling zum Hingucker.<\/span><\/p>\n<h2>Top-Designer legen vor<\/h2>\n<p><span style=\"font-weight: 400;\">Den ultimativen Auftritt in Very Peri hat Lady Gaga bei der Premiere von House of Gucci hingelegt. Sie brachte den Modetrend vom Laufsteg auf den roten Teppich und pr\u00e4sentierte sich in einem total extravaganten Kleid mit Volant\u00e4rmeln und langer Schleppe. Auch andere internationale Top-Designer und Brands haben vorgelegt. Jetzt bist du an der Reihe! Die Styling-M\u00f6glichkeiten sind schlichtweg unbegrenzt. F\u00fcr den Anfang kannst du zu einem Halstuch oder Schal in der Trendfarbe greifen. Oder dich f\u00fcr lilafarbene Schuhe oder eine coole <a href=\"https:\/\/www.momoxfashion.com\/de\/damen\/accessoires\/sonnenbrillen\">Sonnenbrille<\/a> in dem Ton entscheiden. Tolle Akzente setzt du auch mit einem lilafarbenen Nagellack. Der Very Peri-Style ist nicht nur umwerfend sch\u00f6n, sondern auch ganz besonders und kann nach Lust und Laune oder Mut kombiniert werden.<\/span><\/p>\n<p><img loading=\"lazy\" decoding=\"async\" class=\"aligncenter wp-image-6499 size-full\" src=\"https:\/\/blog.momoxfashion.com\/de\/wp-content\/uploads\/2022\/02\/shutterstock_2089244812_small-1.jpg\" alt=\"Kleidungsstapel in wei\u00df, lila &amp; very peri\" width=\"1440\" height=\"1080\" srcset=\"https:\/\/blog.momoxfashion.com\/de\/wp-content\/uploads\/2022\/02\/shutterstock_2089244812_small-1.jpg 1440w, https:\/\/blog.momoxfashion.com\/de\/wp-content\/uploads\/2022\/02\/shutterstock_2089244812_small-1-150x113.jpg 150w, https:\/\/blog.momoxfashion.com\/de\/wp-content\/uploads\/2022\/02\/shutterstock_2089244812_small-1-400x300.jpg 400w, https:\/\/blog.momoxfashion.com\/de\/wp-content\/uploads\/2022\/02\/shutterstock_2089244812_small-1-750x563.jpg 750w, https:\/\/blog.momoxfashion.com\/de\/wp-content\/uploads\/2022\/02\/shutterstock_2089244812_small-1-1150x863.jpg 1150w, https:\/\/blog.momoxfashion.com\/de\/wp-content\/uploads\/2022\/02\/shutterstock_2089244812_small-1-800x600.jpg 800w\" sizes=\"auto, (max-width: 1440px) 100vw, 1440px\" \/><\/p>\n<h2>Very Peri f\u00fcrs Zuhause<\/h2>\n<p><span style=\"font-weight: 400;\">Je gr\u00f6\u00dfer und heller der Raum ist, desto mehr Very Peri darf auch in dein Zuhause einziehen. Du kannst den Farbton ganz dezent in einer Kerze aufgreifen und wunderbar zu deinen M\u00f6beln kombinieren. Oder dir einen tollen Statement-Sessel zulegen und einen richtig gewagten Very Peri-Klecks in dein Zuhause integrieren. Auch ein neuer Wohnzimmertisch oder ein kuscheliger Teppich in Very Peri verleihen deinem Zuhause einen mega angesagten Touch!<\/span><\/p>\n<h2>Angesagte Produkte in der Trendfarbe<\/h2>\n<p><span style=\"font-weight: 400;\">Twinkle, Twinkle, Periwinkle. Einige Produkte in der Farbe des Jahres 2022:<\/span><\/p>\n<ul>\n<li style=\"font-weight: 400;\" aria-level=\"1\"><span style=\"font-weight: 400;\">Accessoires: Lederhandschuhe, <a href=\"https:\/\/www.momoxfashion.com\/de\/damen\/schuhe\/sneakers\">Sneaker<\/a>, Brillenfassungen<\/span><\/li>\n<li style=\"font-weight: 400;\" aria-level=\"1\"><span style=\"font-weight: 400;\">Schmuck: Ohrringe, Anh\u00e4nger, Perlenketten<\/span><\/li>\n<li style=\"font-weight: 400;\" aria-level=\"1\"><span style=\"font-weight: 400;\">Technik: Handh\u00fcllen, Kameras, Kopfh\u00f6rer<\/span><\/li>\n<li style=\"font-weight: 400;\" aria-level=\"1\"><span style=\"font-weight: 400;\">Einrichtungsgegenst\u00e4nde: Lampen, Sessel, Tapeten<\/span><\/li>\n<li style=\"font-weight: 400;\" aria-level=\"1\"><span style=\"font-weight: 400;\">Kosmetik: Wimperntusche, Lidschatten, Nagellack<\/span><\/li>\n<li style=\"font-weight: 400;\" aria-level=\"1\"><span style=\"font-weight: 400;\">Mobilit\u00e4t: Vespa<\/span><\/li>\n<\/ul>\n<h2><b>FAQ<\/b><\/h2>\n<h3><b>Was ist die Trendfarbe 2022?<\/b><\/h3>\n<p><span style=\"font-weight: 400;\">Very Peri ist ein sanfter Blauton mit einer r\u00f6tlich-violetten Farbnuance. Die Farbe findet sich in der Natur als Lavendel, Flieder oder Periwinkle, die englische Bezeichnung f\u00fcr Immergr\u00fcn.<\/span><\/p>\n<h3><b>Wie kombiniere ich die Trendfarbe Very Peri?<\/b><\/h3>\n<p><span style=\"font-weight: 400;\">Bei der Kombination der neuen Farbe l\u00e4sst du deiner Vorstellungskraft freien Lauf. Als Accessoires bieten sich eine Clutch, ein Schal oder Halstuch an. Wenn du jedoch mutiger bist, w\u00e4hlst du Hose oder Rock und kombinierst Teile in ruhigeren T\u00f6nen. Der All-over-Look im auff\u00e4lligen Violett ist allerdings nur Trendsetter*innen vorbehalten.<\/span><\/p>\n<h3><b>Was passt am besten zu Very Peri?<\/b><\/h3>\n<p><span style=\"font-weight: 400;\">Am besten passen neutrale T\u00f6ne. Wei\u00df, aber auch Beige oder Creme sind die perfekten Begleiter. Auch Schwarz setzt einen tollen Kontrast. Ketten und Ohrringe sowohl in Gold und Silber verleihen dem trendy Outfit den letzten Schliff.<\/span><\/p>\n<p><script type=\"application\/ld+json\">\n{\n  \"@context\": \"https:\/\/schema.org\",\n  \"@type\": \"FAQPage\",\n  \"mainEntity\": [{\n    \"@type\": \"Question\",\n    \"name\": \"Was ist die Trendfarbe 2022?\",\n    \"acceptedAnswer\": {\n      \"@type\": \"Answer\",\n      \"text\": \"Very Peri ist ein sanfter Blauton mit einer r\u00f6tlich-violetten Farbnuance. Die Farbe findet sich in der Natur als Lavendel, Flieder oder Periwinkle, die englische Bezeichnung f\u00fcr Immergr\u00fcn.\"\n    }\n  },{\n    \"@type\": \"Question\",\n    \"name\": \"Wie kombiniere ich die Trendfarbe Very Peri?\",\n    \"acceptedAnswer\": {\n      \"@type\": \"Answer\",\n      \"text\": \"Bei der Kombination der neuen Farbe l\u00e4sst du deiner Vorstellungskraft freien Lauf. Als Accessoires bieten sich eine Clutch, ein Schal oder Halstuch an. Wenn du jedoch mutiger bist, w\u00e4hlst du Hose oder Rock und kombinierst Teile in ruhigeren T\u00f6nen. Der All-over-Look im auff\u00e4lligen Violett ist allerdings nur Trendsetter*innen vorbehalten.\"\n    }\n  },{\n    \"@type\": \"Question\",\n    \"name\": \"Was passt am besten zu Very Peri?\",\n    \"acceptedAnswer\": {\n      \"@type\": \"Answer\",\n      \"text\": \"Am besten passen neutrale T\u00f6ne. Wei\u00df, aber auch Beige oder Creme sind die perfekten Begleiter. Auch Schwarz setzt einen tollen Kontrast. Ketten und Ohrringe sowohl in Gold und Silber verleihen dem trendy Outfit den letzten Schliff.\"\n    }\n  }]\n}\n<\/script><\/p>\n<p><span style=\"font-weight: 400;\">Wie gef\u00e4llt dir die Trendfarbe 2022? Trifft Very Peri deinen Geschmack? Oder hast du dir vielleicht sogar schon ein Kleidungsst\u00fcck oder Accessoire in der energiegeladenen Farbe zugelegt? Verrate es uns doch in den Kommentaren. Oder poste ein Foto von dir in deinem neuen Outfit oder dem neuen Einrichtungsgegenstand in deinem Zuhause.<\/span><\/p>\n<p>&nbsp;<\/p>\n","protected":false},"excerpt":{"rendered":"<p>Very Peri: Trendfarbe 2022 symbolisiert den globalen Zeitgeist Kennst du schon die Trendfarbe des Jahres? Ihr Name d\u00fcrfte sich in deinem Ged\u00e4chtnis einpr\u00e4gen: Very Peri. Der sanfte Blauton kommt mit einer r\u00f6tlich-violetten Farbnuance daher. Und hat in der Fashion-Welt bereits voll eingeschlagen. Die komplett neue Farbe wurde von dem amerikanischen Unternehmen Pantone entwickelt. Das Farbinstitut [&hellip;]<\/p>\n","protected":false},"author":19,"featured_media":6500,"comment_status":"closed","ping_status":"open","sticky":false,"template":"","format":"standard","meta":{"_acf_changed":false,"footnotes":""},"categories":[1],"tags":[],"class_list":["post-6498","post","type-post","status-publish","format-standard","has-post-thumbnail","hentry","category-allgemein"],"acf":[],"yoast_head":"<!-- This site is optimized with the Yoast SEO plugin v27.3 - https:\/\/yoast.com\/product\/yoast-seo-wordpress\/ -->\n<title>Very Peri - Die Trendfarbe 2022 - So gelingt der Style!<\/title>\n<meta name=\"description\" content=\"Very Peri ist die frisch gek\u00fcrte Trendfarbe 2022 \u2013 der extravagante Farbton ist eine Mischung aus Blau und Violett mit r\u00f6tlicher Nuance. Mehr im Artikel!\" \/>\n<meta name=\"robots\" content=\"index, follow, max-snippet:-1, max-image-preview:large, max-video-preview:-1\" \/>\n<link rel=\"canonical\" href=\"https:\/\/blog.momoxfashion.com\/de\/trendfarbe-2022-very-peri\/\" \/>\n<meta property=\"og:locale\" content=\"de_DE\" \/>\n<meta property=\"og:type\" content=\"article\" \/>\n<meta property=\"og:title\" content=\"Very Peri - Die Trendfarbe 2022 - So gelingt der Style!\" \/>\n<meta property=\"og:description\" content=\"Very Peri ist die frisch gek\u00fcrte Trendfarbe 2022 \u2013 der extravagante Farbton ist eine Mischung aus Blau und Violett mit r\u00f6tlicher Nuance. Mehr im Artikel!\" \/>\n<meta property=\"og:url\" content=\"https:\/\/blog.momoxfashion.com\/de\/trendfarbe-2022-very-peri\/\" \/>\n<meta property=\"og:site_name\" content=\"momox fashion Blog\" \/>\n<meta property=\"article:publisher\" content=\"https:\/\/www.facebook.com\/usedbutprecious\/\" \/>\n<meta property=\"article:published_time\" content=\"2022-02-17T09:59:45+00:00\" \/>\n<meta property=\"article:modified_time\" content=\"2022-02-17T10:06:56+00:00\" \/>\n<meta property=\"og:image\" content=\"https:\/\/blog.momoxfashion.com\/de\/wp-content\/uploads\/2022\/02\/Blog_Header_veriperi.jpg\" \/>\n\t<meta property=\"og:image:width\" content=\"1280\" \/>\n\t<meta property=\"og:image:height\" content=\"961\" \/>\n\t<meta property=\"og:image:type\" content=\"image\/jpeg\" \/>\n<meta name=\"author\" content=\"Franziska Heinz\" \/>\n<meta name=\"twitter:card\" content=\"summary_large_image\" \/>\n<meta name=\"twitter:creator\" content=\"@ubup_team\" \/>\n<meta name=\"twitter:site\" content=\"@ubup_team\" \/>\n<meta name=\"twitter:label1\" content=\"Verfasst von\" \/>\n\t<meta name=\"twitter:data1\" content=\"Franziska Heinz\" \/>\n\t<meta name=\"twitter:label2\" content=\"Gesch\u00e4tzte Lesezeit\" \/>\n\t<meta name=\"twitter:data2\" content=\"5\u00a0Minuten\" \/>\n<script type=\"application\/ld+json\" class=\"yoast-schema-graph\">{\"@context\":\"https:\\\/\\\/schema.org\",\"@graph\":[{\"@type\":\"Article\",\"@id\":\"https:\\\/\\\/blog.momoxfashion.com\\\/de\\\/trendfarbe-2022-very-peri\\\/#article\",\"isPartOf\":{\"@id\":\"https:\\\/\\\/blog.momoxfashion.com\\\/de\\\/trendfarbe-2022-very-peri\\\/\"},\"author\":{\"name\":\"Franziska Heinz\",\"@id\":\"https:\\\/\\\/blog.momoxfashion.com\\\/de\\\/#\\\/schema\\\/person\\\/0c8339d73d6cab16e3caf7f93fd25816\"},\"headline\":\"Die Trendfarbe des Jahres 2022 &#8222;Very Peri&#8220;\",\"datePublished\":\"2022-02-17T09:59:45+00:00\",\"dateModified\":\"2022-02-17T10:06:56+00:00\",\"mainEntityOfPage\":{\"@id\":\"https:\\\/\\\/blog.momoxfashion.com\\\/de\\\/trendfarbe-2022-very-peri\\\/\"},\"wordCount\":653,\"image\":{\"@id\":\"https:\\\/\\\/blog.momoxfashion.com\\\/de\\\/trendfarbe-2022-very-peri\\\/#primaryimage\"},\"thumbnailUrl\":\"https:\\\/\\\/blog.momoxfashion.com\\\/de\\\/wp-content\\\/uploads\\\/2022\\\/02\\\/Blog_Header_veriperi.jpg\",\"inLanguage\":\"de\"},{\"@type\":\"WebPage\",\"@id\":\"https:\\\/\\\/blog.momoxfashion.com\\\/de\\\/trendfarbe-2022-very-peri\\\/\",\"url\":\"https:\\\/\\\/blog.momoxfashion.com\\\/de\\\/trendfarbe-2022-very-peri\\\/\",\"name\":\"Very Peri - Die Trendfarbe 2022 - So gelingt der Style!\",\"isPartOf\":{\"@id\":\"https:\\\/\\\/blog.momoxfashion.com\\\/de\\\/#website\"},\"primaryImageOfPage\":{\"@id\":\"https:\\\/\\\/blog.momoxfashion.com\\\/de\\\/trendfarbe-2022-very-peri\\\/#primaryimage\"},\"image\":{\"@id\":\"https:\\\/\\\/blog.momoxfashion.com\\\/de\\\/trendfarbe-2022-very-peri\\\/#primaryimage\"},\"thumbnailUrl\":\"https:\\\/\\\/blog.momoxfashion.com\\\/de\\\/wp-content\\\/uploads\\\/2022\\\/02\\\/Blog_Header_veriperi.jpg\",\"datePublished\":\"2022-02-17T09:59:45+00:00\",\"dateModified\":\"2022-02-17T10:06:56+00:00\",\"author\":{\"@id\":\"https:\\\/\\\/blog.momoxfashion.com\\\/de\\\/#\\\/schema\\\/person\\\/0c8339d73d6cab16e3caf7f93fd25816\"},\"description\":\"Very Peri ist die frisch gek\u00fcrte Trendfarbe 2022 \u2013 der extravagante Farbton ist eine Mischung aus Blau und Violett mit r\u00f6tlicher Nuance. Mehr im Artikel!\",\"breadcrumb\":{\"@id\":\"https:\\\/\\\/blog.momoxfashion.com\\\/de\\\/trendfarbe-2022-very-peri\\\/#breadcrumb\"},\"inLanguage\":\"de\",\"potentialAction\":[{\"@type\":\"ReadAction\",\"target\":[\"https:\\\/\\\/blog.momoxfashion.com\\\/de\\\/trendfarbe-2022-very-peri\\\/\"]}]},{\"@type\":\"ImageObject\",\"inLanguage\":\"de\",\"@id\":\"https:\\\/\\\/blog.momoxfashion.com\\\/de\\\/trendfarbe-2022-very-peri\\\/#primaryimage\",\"url\":\"https:\\\/\\\/blog.momoxfashion.com\\\/de\\\/wp-content\\\/uploads\\\/2022\\\/02\\\/Blog_Header_veriperi.jpg\",\"contentUrl\":\"https:\\\/\\\/blog.momoxfashion.com\\\/de\\\/wp-content\\\/uploads\\\/2022\\\/02\\\/Blog_Header_veriperi.jpg\",\"width\":1280,\"height\":961,\"caption\":\"Mann in Hoodie in der Farbe Very Peri\"},{\"@type\":\"BreadcrumbList\",\"@id\":\"https:\\\/\\\/blog.momoxfashion.com\\\/de\\\/trendfarbe-2022-very-peri\\\/#breadcrumb\",\"itemListElement\":[{\"@type\":\"ListItem\",\"position\":1,\"name\":\"Startseite\",\"item\":\"https:\\\/\\\/blog.momoxfashion.com\\\/de\\\/\"},{\"@type\":\"ListItem\",\"position\":2,\"name\":\"Die Trendfarbe des Jahres 2022 &#8222;Very Peri&#8220;\"}]},{\"@type\":\"WebSite\",\"@id\":\"https:\\\/\\\/blog.momoxfashion.com\\\/de\\\/#website\",\"url\":\"https:\\\/\\\/blog.momoxfashion.com\\\/de\\\/\",\"name\":\"momox fashion Blog\",\"description\":\"Fashion News, Second Hand Trends &amp; Nachhaltigkeit\",\"potentialAction\":[{\"@type\":\"SearchAction\",\"target\":{\"@type\":\"EntryPoint\",\"urlTemplate\":\"https:\\\/\\\/blog.momoxfashion.com\\\/de\\\/?s={search_term_string}\"},\"query-input\":{\"@type\":\"PropertyValueSpecification\",\"valueRequired\":true,\"valueName\":\"search_term_string\"}}],\"inLanguage\":\"de\"},{\"@type\":\"Person\",\"@id\":\"https:\\\/\\\/blog.momoxfashion.com\\\/de\\\/#\\\/schema\\\/person\\\/0c8339d73d6cab16e3caf7f93fd25816\",\"name\":\"Franziska Heinz\",\"image\":{\"@type\":\"ImageObject\",\"inLanguage\":\"de\",\"@id\":\"https:\\\/\\\/secure.gravatar.com\\\/avatar\\\/b00a4f0b9e80a6a28ce88896a575adee69d02dfa4d420b0df1960aa5dc9ac4e8?s=96&d=wp_user_avatar&r=g\",\"url\":\"https:\\\/\\\/secure.gravatar.com\\\/avatar\\\/b00a4f0b9e80a6a28ce88896a575adee69d02dfa4d420b0df1960aa5dc9ac4e8?s=96&d=wp_user_avatar&r=g\",\"contentUrl\":\"https:\\\/\\\/secure.gravatar.com\\\/avatar\\\/b00a4f0b9e80a6a28ce88896a575adee69d02dfa4d420b0df1960aa5dc9ac4e8?s=96&d=wp_user_avatar&r=g\",\"caption\":\"Franziska Heinz\"},\"url\":\"https:\\\/\\\/blog.momoxfashion.com\\\/de\\\/author\\\/f-heinz\\\/\"}]}<\/script>\n<!-- \/ Yoast SEO plugin. -->","yoast_head_json":{"title":"Very Peri - Die Trendfarbe 2022 - So gelingt der Style!","description":"Very Peri ist die frisch gek\u00fcrte Trendfarbe 2022 \u2013 der extravagante Farbton ist eine Mischung aus Blau und Violett mit r\u00f6tlicher Nuance. Mehr im Artikel!","robots":{"index":"index","follow":"follow","max-snippet":"max-snippet:-1","max-image-preview":"max-image-preview:large","max-video-preview":"max-video-preview:-1"},"canonical":"https:\/\/blog.momoxfashion.com\/de\/trendfarbe-2022-very-peri\/","og_locale":"de_DE","og_type":"article","og_title":"Very Peri - Die Trendfarbe 2022 - So gelingt der Style!","og_description":"Very Peri ist die frisch gek\u00fcrte Trendfarbe 2022 \u2013 der extravagante Farbton ist eine Mischung aus Blau und Violett mit r\u00f6tlicher Nuance. Mehr im Artikel!","og_url":"https:\/\/blog.momoxfashion.com\/de\/trendfarbe-2022-very-peri\/","og_site_name":"momox fashion Blog","article_publisher":"https:\/\/www.facebook.com\/usedbutprecious\/","article_published_time":"2022-02-17T09:59:45+00:00","article_modified_time":"2022-02-17T10:06:56+00:00","og_image":[{"width":1280,"height":961,"url":"https:\/\/blog.momoxfashion.com\/de\/wp-content\/uploads\/2022\/02\/Blog_Header_veriperi.jpg","type":"image\/jpeg"}],"author":"Franziska Heinz","twitter_card":"summary_large_image","twitter_creator":"@ubup_team","twitter_site":"@ubup_team","twitter_misc":{"Verfasst von":"Franziska Heinz","Gesch\u00e4tzte Lesezeit":"5\u00a0Minuten"},"schema":{"@context":"https:\/\/schema.org","@graph":[{"@type":"Article","@id":"https:\/\/blog.momoxfashion.com\/de\/trendfarbe-2022-very-peri\/#article","isPartOf":{"@id":"https:\/\/blog.momoxfashion.com\/de\/trendfarbe-2022-very-peri\/"},"author":{"name":"Franziska Heinz","@id":"https:\/\/blog.momoxfashion.com\/de\/#\/schema\/person\/0c8339d73d6cab16e3caf7f93fd25816"},"headline":"Die Trendfarbe des Jahres 2022 &#8222;Very Peri&#8220;","datePublished":"2022-02-17T09:59:45+00:00","dateModified":"2022-02-17T10:06:56+00:00","mainEntityOfPage":{"@id":"https:\/\/blog.momoxfashion.com\/de\/trendfarbe-2022-very-peri\/"},"wordCount":653,"image":{"@id":"https:\/\/blog.momoxfashion.com\/de\/trendfarbe-2022-very-peri\/#primaryimage"},"thumbnailUrl":"https:\/\/blog.momoxfashion.com\/de\/wp-content\/uploads\/2022\/02\/Blog_Header_veriperi.jpg","inLanguage":"de"},{"@type":"WebPage","@id":"https:\/\/blog.momoxfashion.com\/de\/trendfarbe-2022-very-peri\/","url":"https:\/\/blog.momoxfashion.com\/de\/trendfarbe-2022-very-peri\/","name":"Very Peri - Die Trendfarbe 2022 - So gelingt der Style!","isPartOf":{"@id":"https:\/\/blog.momoxfashion.com\/de\/#website"},"primaryImageOfPage":{"@id":"https:\/\/blog.momoxfashion.com\/de\/trendfarbe-2022-very-peri\/#primaryimage"},"image":{"@id":"https:\/\/blog.momoxfashion.com\/de\/trendfarbe-2022-very-peri\/#primaryimage"},"thumbnailUrl":"https:\/\/blog.momoxfashion.com\/de\/wp-content\/uploads\/2022\/02\/Blog_Header_veriperi.jpg","datePublished":"2022-02-17T09:59:45+00:00","dateModified":"2022-02-17T10:06:56+00:00","author":{"@id":"https:\/\/blog.momoxfashion.com\/de\/#\/schema\/person\/0c8339d73d6cab16e3caf7f93fd25816"},"description":"Very Peri ist die frisch gek\u00fcrte Trendfarbe 2022 \u2013 der extravagante Farbton ist eine Mischung aus Blau und Violett mit r\u00f6tlicher Nuance. Mehr im Artikel!","breadcrumb":{"@id":"https:\/\/blog.momoxfashion.com\/de\/trendfarbe-2022-very-peri\/#breadcrumb"},"inLanguage":"de","potentialAction":[{"@type":"ReadAction","target":["https:\/\/blog.momoxfashion.com\/de\/trendfarbe-2022-very-peri\/"]}]},{"@type":"ImageObject","inLanguage":"de","@id":"https:\/\/blog.momoxfashion.com\/de\/trendfarbe-2022-very-peri\/#primaryimage","url":"https:\/\/blog.momoxfashion.com\/de\/wp-content\/uploads\/2022\/02\/Blog_Header_veriperi.jpg","contentUrl":"https:\/\/blog.momoxfashion.com\/de\/wp-content\/uploads\/2022\/02\/Blog_Header_veriperi.jpg","width":1280,"height":961,"caption":"Mann in Hoodie in der Farbe Very Peri"},{"@type":"BreadcrumbList","@id":"https:\/\/blog.momoxfashion.com\/de\/trendfarbe-2022-very-peri\/#breadcrumb","itemListElement":[{"@type":"ListItem","position":1,"name":"Startseite","item":"https:\/\/blog.momoxfashion.com\/de\/"},{"@type":"ListItem","position":2,"name":"Die Trendfarbe des Jahres 2022 &#8222;Very Peri&#8220;"}]},{"@type":"WebSite","@id":"https:\/\/blog.momoxfashion.com\/de\/#website","url":"https:\/\/blog.momoxfashion.com\/de\/","name":"momox fashion Blog","description":"Fashion News, Second Hand Trends &amp; Nachhaltigkeit","potentialAction":[{"@type":"SearchAction","target":{"@type":"EntryPoint","urlTemplate":"https:\/\/blog.momoxfashion.com\/de\/?s={search_term_string}"},"query-input":{"@type":"PropertyValueSpecification","valueRequired":true,"valueName":"search_term_string"}}],"inLanguage":"de"},{"@type":"Person","@id":"https:\/\/blog.momoxfashion.com\/de\/#\/schema\/person\/0c8339d73d6cab16e3caf7f93fd25816","name":"Franziska Heinz","image":{"@type":"ImageObject","inLanguage":"de","@id":"https:\/\/secure.gravatar.com\/avatar\/b00a4f0b9e80a6a28ce88896a575adee69d02dfa4d420b0df1960aa5dc9ac4e8?s=96&d=wp_user_avatar&r=g","url":"https:\/\/secure.gravatar.com\/avatar\/b00a4f0b9e80a6a28ce88896a575adee69d02dfa4d420b0df1960aa5dc9ac4e8?s=96&d=wp_user_avatar&r=g","contentUrl":"https:\/\/secure.gravatar.com\/avatar\/b00a4f0b9e80a6a28ce88896a575adee69d02dfa4d420b0df1960aa5dc9ac4e8?s=96&d=wp_user_avatar&r=g","caption":"Franziska Heinz"},"url":"https:\/\/blog.momoxfashion.com\/de\/author\/f-heinz\/"}]}},"_links":{"self":[{"href":"https:\/\/blog.momoxfashion.com\/de\/wp-json\/wp\/v2\/posts\/6498","targetHints":{"allow":["GET"]}}],"collection":[{"href":"https:\/\/blog.momoxfashion.com\/de\/wp-json\/wp\/v2\/posts"}],"about":[{"href":"https:\/\/blog.momoxfashion.com\/de\/wp-json\/wp\/v2\/types\/post"}],"author":[{"embeddable":true,"href":"https:\/\/blog.momoxfashion.com\/de\/wp-json\/wp\/v2\/users\/19"}],"replies":[{"embeddable":true,"href":"https:\/\/blog.momoxfashion.com\/de\/wp-json\/wp\/v2\/comments?post=6498"}],"version-history":[{"count":4,"href":"https:\/\/blog.momoxfashion.com\/de\/wp-json\/wp\/v2\/posts\/6498\/revisions"}],"predecessor-version":[{"id":6504,"href":"https:\/\/blog.momoxfashion.com\/de\/wp-json\/wp\/v2\/posts\/6498\/revisions\/6504"}],"wp:featuredmedia":[{"embeddable":true,"href":"https:\/\/blog.momoxfashion.com\/de\/wp-json\/wp\/v2\/media\/6500"}],"wp:attachment":[{"href":"https:\/\/blog.momoxfashion.com\/de\/wp-json\/wp\/v2\/media?parent=6498"}],"wp:term":[{"taxonomy":"category","embeddable":true,"href":"https:\/\/blog.momoxfashion.com\/de\/wp-json\/wp\/v2\/categories?post=6498"},{"taxonomy":"post_tag","embeddable":true,"href":"https:\/\/blog.momoxfashion.com\/de\/wp-json\/wp\/v2\/tags?post=6498"}],"curies":[{"name":"wp","href":"https:\/\/api.w.org\/{rel}","templated":true}]}}